{"id":15464,"date":"2024-03-22T14:23:22","date_gmt":"2024-03-22T14:23:22","guid":{"rendered":"https:\/\/arroyitoonline.com.ar\/?p=15464"},"modified":"2024-03-22T14:23:23","modified_gmt":"2024-03-22T14:23:23","slug":"grupo-creixa-invirtio-mas-de-30-millones-en-la-pavimentacion-de-la-continuacion-de-av-moreno","status":"publish","type":"post","link":"https:\/\/arroyitoonline.com.ar\/?p=15464","title":{"rendered":"Grupo Creixa invirti\u00f3 m\u00e1s de $30 millones en la pavimentaci\u00f3n de la continuaci\u00f3n de Av. Moreno"},"content":{"rendered":"\n<p><strong>Fue a trav\u00e9s de un convenio con el Municipio, por medio de la ordenanza 1931\/2020 <em>&#8220;DERECHO DE PARTICIPACI\u00d3N MUNICIPAL EN LAS VALORIZACIONES INMOBILIARIAS&#8221;<\/em>.<\/strong><\/p>\n\n\n\n<p>El intendente Gustavo Benedetti y su equipo de gesti\u00f3n, junto a los referentes de Grupo Creixa, recorrieron el loteo Los Eucaliptos, que se encuentra ubicado frente al Polideportivo Enrique Brizio, del CDYCA. <em>&#8220;Una vez m\u00e1s, a trav\u00e9s de los acuerdos p\u00fablico-privado, se logran importantes obras para los vecinos, con cero costos para la comunidad&#8221;<\/em>, informaron desde el Gobierno Municipal.<\/p>\n\n\n\n<p>Se deb\u00edan realizar modificaciones que implicaban altos costos para la continuaci\u00f3n de la tradicional avenida Mariano Moreno y el frentista Club Deportivo y Cultural Arroyito no pod\u00eda afrontar esos gastos. Por lo tanto, el Municipio gener\u00f3 un convenio, a trav\u00e9s de la ordenanza 1931\/2020 <em>&#8220;DERECHO DE PARTICIPACI\u00d3N MUNICIPAL EN LAS VALORIZACIONES INMOBILIARIAS&#8221;<\/em>, para la pavimentaci\u00f3n de esa calle, por parte de la desarrollista. <\/p>\n\n\n<div class=\"wp-block-image\">\n<figure class=\"aligncenter size-full\"><img loading=\"lazy\" decoding=\"async\" width=\"1024\" height=\"682\" src=\"https:\/\/arroyitoonline.com.ar\/wp-content\/uploads\/2024\/03\/grupo-creixa-recorrido-los-eucaliptos.jpg\" alt=\"\" class=\"wp-image-15468\" srcset=\"https:\/\/arroyitoonline.com.ar\/wp-content\/uploads\/2024\/03\/grupo-creixa-recorrido-los-eucaliptos.jpg 1024w, https:\/\/arroyitoonline.com.ar\/wp-content\/uploads\/2024\/03\/grupo-creixa-recorrido-los-eucaliptos-300x200.jpg 300w, https:\/\/arroyitoonline.com.ar\/wp-content\/uploads\/2024\/03\/grupo-creixa-recorrido-los-eucaliptos-768x512.jpg 768w\" sizes=\"auto, (max-width: 1024px) 100vw, 1024px\" \/><figcaption class=\"wp-element-caption\"><em>Los socios de Grupo Creixa, Juan Colom\u00e9 y Andr\u00e9s Tey, junto al intendente Benedetti.<\/em><\/figcaption><\/figure>\n<\/div>\n\n\n<p><strong>La obra conlleva un beneficio de m\u00e1s de $30 millones, que<\/strong> <strong>implic\u00f3 el corrimiento del tejido perimetral del club, la generaci\u00f3n del espacio de vereda p\u00fablica y la forestaci\u00f3n, con m\u00e1s de 40 especies aut\u00f3ctonas a lo largo de los 200 metros. Adem\u00e1s, implica m\u00e1s metros de pavimento para la avenida Boetto<\/strong>.<\/p>\n\n\n\n<p><em>Es importante resaltar que esta valorizaci\u00f3n inicial form\u00f3 parte de la terminaci\u00f3n y puesta en marcha del edificio de la Direcci\u00f3n de Equidad.<\/em><\/p>\n\n\n\n<p><strong>Los Eucaliptos de Grupo Creixa contempla&nbsp;&nbsp;95 lotes residenciales de 360 metros cuadrados, Plan de forestaci\u00f3n con m\u00e1s de 300 \u00e1rboles, 5.600 metros cuadrados de espacios verdes, tres plazas p\u00fablicas con juegos para ni\u00f1os y sendas peatonales y 12 locales comerciales frente a las avenidas Boetto y Mariano Moreno.<\/strong><\/p>\n\n\n\n<blockquote class=\"wp-block-quote is-layout-flow wp-block-quote-is-layout-flow\">\n<p><em>\u201cCuando iniciamos la gesti\u00f3n pusimos en marcha el proyecto de articulaci\u00f3n p\u00fablico-privado, esta es una muestra m\u00e1s de que da soluciones. Agradezco al Grupo Creixa que siempre ha estado acompa\u00f1ando el crecimiento de nuestra localidad, en este caso el Club Deportivo y Cultural Arroyito tambi\u00e9n se ver\u00e1 beneficiado con dicha obra\u201d<\/em><\/p>\n<cite><strong>EXPRES\u00d3 BENEDETTI<\/strong><\/cite><\/blockquote>\n","protected":false},"excerpt":{"rendered":"<p>Fue a trav\u00e9s de un convenio con el Municipio, por medio de la ordenanza 1931\/2020 &#8220;DERECHO DE PARTICIPACI\u00d3N MUNICIPAL EN&hellip;<\/p>\n","protected":false},"author":3,"featured_media":15467,"comment_status":"closed","ping_status":"open","sticky":false,"template":"","format":"standard","meta":{"footnotes":""},"categories":[1044],"tags":[66,67,836,1102,1446,578],"class_list":["post-15464","post","type-post","status-publish","format-standard","has-post-thumbnail","hentry","category-obras-publicas","tag-arroyito","tag-arroyito-cordoba","tag-arroyito-online","tag-gobierno-municipal","tag-grupo-creixa","tag-obras-publicas"],"_links":{"self":[{"href":"https:\/\/arroyitoonline.com.ar\/index.php?rest_route=\/wp\/v2\/posts\/15464","targetHints":{"allow":["GET"]}}],"collection":[{"href":"https:\/\/arroyitoonline.com.ar\/index.php?rest_route=\/wp\/v2\/posts"}],"about":[{"href":"https:\/\/arroyitoonline.com.ar\/index.php?rest_route=\/wp\/v2\/types\/post"}],"author":[{"embeddable":true,"href":"https:\/\/arroyitoonline.com.ar\/index.php?rest_route=\/wp\/v2\/users\/3"}],"replies":[{"embeddable":true,"href":"https:\/\/arroyitoonline.com.ar\/index.php?rest_route=%2Fwp%2Fv2%2Fcomments&post=15464"}],"version-history":[{"count":2,"href":"https:\/\/arroyitoonline.com.ar\/index.php?rest_route=\/wp\/v2\/posts\/15464\/revisions"}],"predecessor-version":[{"id":15469,"href":"https:\/\/arroyitoonline.com.ar\/index.php?rest_route=\/wp\/v2\/posts\/15464\/revisions\/15469"}],"wp:featuredmedia":[{"embeddable":true,"href":"https:\/\/arroyitoonline.com.ar\/index.php?rest_route=\/wp\/v2\/media\/15467"}],"wp:attachment":[{"href":"https:\/\/arroyitoonline.com.ar\/index.php?rest_route=%2Fwp%2Fv2%2Fmedia&parent=15464"}],"wp:term":[{"taxonomy":"category","embeddable":true,"href":"https:\/\/arroyitoonline.com.ar\/index.php?rest_route=%2Fwp%2Fv2%2Fcategories&post=15464"},{"taxonomy":"post_tag","embeddable":true,"href":"https:\/\/arroyitoonline.com.ar\/index.php?rest_route=%2Fwp%2Fv2%2Ftags&post=15464"}],"curies":[{"name":"wp","href":"https:\/\/api.w.org\/{rel}","templated":true}]}}