{"id":15523,"date":"2024-04-05T22:44:54","date_gmt":"2024-04-05T22:44:54","guid":{"rendered":"https:\/\/arroyitoonline.com.ar\/?p=15523"},"modified":"2024-04-05T22:47:04","modified_gmt":"2024-04-05T22:47:04","slug":"arroyito-el-director-del-hospital-municipal-confirmo-una-muerte-por-dengue","status":"publish","type":"post","link":"https:\/\/arroyitoonline.com.ar\/?p=15523","title":{"rendered":"Arroyito: el director del hospital municipal confirm\u00f3 una muerte por dengue"},"content":{"rendered":"\n<p><strong>El paciente fallecido era de una localidad vecina, seg\u00fan comunic\u00f3 Andr\u00e9s Cers\u00f3simo.<\/strong><\/p>\n\n\n\n<p>Ayer se realiz\u00f3 una conferencia de prensa en el Hospital Municipal Carlos J. Rodr\u00edguez, para informar sobre la situaci\u00f3n sanitaria, a ra\u00edz del dengue.<\/p>\n\n\n\n<p>Estuvimos presentes y le consultamos al director M\u00e9dico del nosocomio, Andr\u00e9s Cers\u00f3simo, si se hab\u00edan registrado fallecimientos por la enfermedad en nuestra ciudad; ya que son diversas las especulaciones al respecto, sobre todo en redes sociales.<\/p>\n\n\n\n<p>El m\u00e9dico respondi\u00f3 que <em>&#8220;tenemos un solo paciente con deceso confirmado con dengue, con patolog\u00edas asociadas&#8221;<\/em>. Y agreg\u00f3 que esta persona no era de Arroyito, sino de una localidad vecina. Tambi\u00e9n aclar\u00f3 que <em>&#8220;lo otro no est\u00e1 confirmado&#8221;<\/em>.<\/p>\n","protected":false},"excerpt":{"rendered":"<p>El paciente fallecido era de una localidad vecina, seg\u00fan comunic\u00f3 Andr\u00e9s Cers\u00f3simo. Ayer se realiz\u00f3 una conferencia de prensa en&hellip;<\/p>\n","protected":false},"author":3,"featured_media":15527,"comment_status":"closed","ping_status":"open","sticky":false,"template":"","format":"standard","meta":{"footnotes":""},"categories":[9],"tags":[66,67,836,272,1102,1177,546,548,572,706],"class_list":["post-15523","post","type-post","status-publish","format-standard","has-post-thumbnail","hentry","category-infosalud","tag-arroyito","tag-arroyito-cordoba","tag-arroyito-online","tag-dengue","tag-gobierno-municipal","tag-hospital-municipal-carlos-j-rodriguez","tag-mosquitos","tag-muerte","tag-noticias-de-arroyito-y-zona","tag-salud"],"_links":{"self":[{"href":"https:\/\/arroyitoonline.com.ar\/index.php?rest_route=\/wp\/v2\/posts\/15523","targetHints":{"allow":["GET"]}}],"collection":[{"href":"https:\/\/arroyitoonline.com.ar\/index.php?rest_route=\/wp\/v2\/posts"}],"about":[{"href":"https:\/\/arroyitoonline.com.ar\/index.php?rest_route=\/wp\/v2\/types\/post"}],"author":[{"embeddable":true,"href":"https:\/\/arroyitoonline.com.ar\/index.php?rest_route=\/wp\/v2\/users\/3"}],"replies":[{"embeddable":true,"href":"https:\/\/arroyitoonline.com.ar\/index.php?rest_route=%2Fwp%2Fv2%2Fcomments&post=15523"}],"version-history":[{"count":2,"href":"https:\/\/arroyitoonline.com.ar\/index.php?rest_route=\/wp\/v2\/posts\/15523\/revisions"}],"predecessor-version":[{"id":15528,"href":"https:\/\/arroyitoonline.com.ar\/index.php?rest_route=\/wp\/v2\/posts\/15523\/revisions\/15528"}],"wp:featuredmedia":[{"embeddable":true,"href":"https:\/\/arroyitoonline.com.ar\/index.php?rest_route=\/wp\/v2\/media\/15527"}],"wp:attachment":[{"href":"https:\/\/arroyitoonline.com.ar\/index.php?rest_route=%2Fwp%2Fv2%2Fmedia&parent=15523"}],"wp:term":[{"taxonomy":"category","embeddable":true,"href":"https:\/\/arroyitoonline.com.ar\/index.php?rest_route=%2Fwp%2Fv2%2Fcategories&post=15523"},{"taxonomy":"post_tag","embeddable":true,"href":"https:\/\/arroyitoonline.com.ar\/index.php?rest_route=%2Fwp%2Fv2%2Ftags&post=15523"}],"curies":[{"name":"wp","href":"https:\/\/api.w.org\/{rel}","templated":true}]}}