{"id":15529,"date":"2024-04-06T16:01:15","date_gmt":"2024-04-06T16:01:15","guid":{"rendered":"https:\/\/arroyitoonline.com.ar\/?p=15529"},"modified":"2024-04-06T16:02:03","modified_gmt":"2024-04-06T16:02:03","slug":"arroyito-llora-la-muerte-del-emblematico-canillita-churry-sueldo","status":"publish","type":"post","link":"https:\/\/arroyitoonline.com.ar\/?p=15529","title":{"rendered":"Arroyito llora la muerte del emblem\u00e1tico canillita &#8220;Churry&#8221; Sueldo"},"content":{"rendered":"\n<p><strong>Ten\u00eda 73 a\u00f1os y era el principal referente del rubro. Adem\u00e1s, un fan\u00e1tico empedernido de Talleres, tanto que la pe\u00f1a local lleva su nombre.<\/strong><\/p>\n\n\n\n<p>La muerte del querid\u00edsimo Humberto Santiago Sueldo alias Churry, a los 73 a\u00f1os, marca para Arroyito el fin de una era. La desaparici\u00f3n f\u00edsica del \u00faltimo canillita, oficio que desempe\u00f1\u00f3 por seis d\u00e9cadas, deja atr\u00e1s los tiempos de diarios y revistas que supo repartir. Con palpable nostalgia, la Dulce Ciudad hoy despide uno de los personajes m\u00e1s entra\u00f1ables de su paisaje.<\/p>\n\n\n\n<p>Churry lustraba zapatos en la vieja terminal ubicada en la intersecci\u00f3n de Rivadavia y Av. Pagani. A los 13 a\u00f1os comenz\u00f3 como canillita, cuando lo fue a buscar Roberto Vleminchx. Adem\u00e1s, era un ac\u00e9rrimo hincha de Talleres, tan es as\u00ed que la Filial de Arroyito del club albiazul lleva su nombre. <\/p>\n\n\n\n<p>Cada vez que pudo remarc\u00f3 su orgullo por este <em>&#8220;pueblo que se hizo ciudad&#8221;<\/em> y la condici\u00f3n trabajadora de su gente, de la siempre se sinti\u00f3 parte. <\/p>\n\n\n\n<p><strong>\u00daltimo adi\u00f3s<\/strong><\/p>\n\n\n\n<p>Los restos de Humberto Santiago Sueldo &#8220;Churry&#8221; son velados en salas de AMA. El sepelio ser\u00e1 este domingo 7 de abril a las 9:00 horas, en el cementerio de Arroyito, previo oficio religioso de cuerpo presente en la Parroquia Nuestra Se\u00f1ora de la Merced. <\/p>\n\n\n\n<p>Quienes hacemos Arroyito Online lamentamos esta p\u00e9rdida y enviamos condolencias a sus seres queridos. <\/p>\n\n\n\n<p>Foto gentileza OK FM Arroyito.<\/p>\n","protected":false},"excerpt":{"rendered":"<p>Ten\u00eda 73 a\u00f1os y era el principal referente del rubro. Adem\u00e1s, un fan\u00e1tico empedernido de Talleres, tanto que la pe\u00f1a&hellip;<\/p>\n","protected":false},"author":3,"featured_media":15532,"comment_status":"closed","ping_status":"open","sticky":false,"template":"","format":"standard","meta":{"footnotes":""},"categories":[6],"tags":[66,67,836,1447,548,572],"class_list":["post-15529","post","type-post","status-publish","format-standard","has-post-thumbnail","hentry","category-interes-general","tag-arroyito","tag-arroyito-cordoba","tag-arroyito-online","tag-canillita","tag-muerte","tag-noticias-de-arroyito-y-zona"],"_links":{"self":[{"href":"https:\/\/arroyitoonline.com.ar\/index.php?rest_route=\/wp\/v2\/posts\/15529","targetHints":{"allow":["GET"]}}],"collection":[{"href":"https:\/\/arroyitoonline.com.ar\/index.php?rest_route=\/wp\/v2\/posts"}],"about":[{"href":"https:\/\/arroyitoonline.com.ar\/index.php?rest_route=\/wp\/v2\/types\/post"}],"author":[{"embeddable":true,"href":"https:\/\/arroyitoonline.com.ar\/index.php?rest_route=\/wp\/v2\/users\/3"}],"replies":[{"embeddable":true,"href":"https:\/\/arroyitoonline.com.ar\/index.php?rest_route=%2Fwp%2Fv2%2Fcomments&post=15529"}],"version-history":[{"count":1,"href":"https:\/\/arroyitoonline.com.ar\/index.php?rest_route=\/wp\/v2\/posts\/15529\/revisions"}],"predecessor-version":[{"id":15531,"href":"https:\/\/arroyitoonline.com.ar\/index.php?rest_route=\/wp\/v2\/posts\/15529\/revisions\/15531"}],"wp:featuredmedia":[{"embeddable":true,"href":"https:\/\/arroyitoonline.com.ar\/index.php?rest_route=\/wp\/v2\/media\/15532"}],"wp:attachment":[{"href":"https:\/\/arroyitoonline.com.ar\/index.php?rest_route=%2Fwp%2Fv2%2Fmedia&parent=15529"}],"wp:term":[{"taxonomy":"category","embeddable":true,"href":"https:\/\/arroyitoonline.com.ar\/index.php?rest_route=%2Fwp%2Fv2%2Fcategories&post=15529"},{"taxonomy":"post_tag","embeddable":true,"href":"https:\/\/arroyitoonline.com.ar\/index.php?rest_route=%2Fwp%2Fv2%2Ftags&post=15529"}],"curies":[{"name":"wp","href":"https:\/\/api.w.org\/{rel}","templated":true}]}}