{"id":15628,"date":"2024-04-13T02:06:53","date_gmt":"2024-04-13T02:06:53","guid":{"rendered":"https:\/\/arroyitoonline.com.ar\/?p=15628"},"modified":"2024-04-13T02:09:02","modified_gmt":"2024-04-13T02:09:02","slug":"becas-utiles-el-programa-municipal-ya-lleva-mas-de-2-500-familias-beneficiadas","status":"publish","type":"post","link":"https:\/\/arroyitoonline.com.ar\/?p=15628","title":{"rendered":"Becas \u00datiles: el programa municipal ya lleva m\u00e1s de 2.500 familias beneficiadas"},"content":{"rendered":"\n<p><strong>Las chequeras que no fueron retiradas en el d\u00eda asignado, por razones de fuerza mayor, podr\u00e1n hacerlo el lunes 15 de 12:00 a 14:00 horas.<\/strong><\/p>\n\n\n\n<p>Esta semana, el intendente Gustavo Benedetti particip\u00f3 de las entregas de chequeras del programa \u201cBecas \u00datiles\u201d.<\/p>\n\n\n\n<blockquote class=\"wp-block-quote is-layout-flow wp-block-quote-is-layout-flow\">\n<p><em>\u201cEn estos cuatro a\u00f1os de vigencia fuimos mejorando el programa, pero adem\u00e1s potenciamos el aporte econ\u00f3mico, llegando este a\u00f1o a una inversi\u00f3n de m\u00e1s de 10 millones de pesos. Este programa, no s\u00f3lo busca el apoyo a las familias con \u00fatiles, sino seguir apostando en garantizar derechos, igualdad y m\u00e1s educaci\u00f3n de todos los sectores.\u201d<\/em>, <em>expres\u00f3 el intendente.<\/em><\/p>\n<\/blockquote>\n\n\n\n<blockquote class=\"wp-block-quote is-layout-flow wp-block-quote-is-layout-flow\">\n<p><em>\u00abEstos a\u00f1os del programa &#8220;Crecer Educando&#8221;, se han beneficiado m\u00e1s de 2.500 familias. Esta gesti\u00f3n fue pionera en la creaci\u00f3n y sostenimiento a largo plazo de un programa municipal propio, gracias a la decidida voluntad pol\u00edtica de esta gesti\u00f3n que lidera el\u00a0intendente Gustavo\u00bb<\/em>, <em>expres\u00f3 al respecto, la subsecretaria de Desarrollo Comunitario y Social, Analia Daperno.<\/em><\/p>\n<\/blockquote>\n\n\n\n<p><strong>Las chequeras que no fueron retiradas en el d\u00eda asignado, por razones de fuerza mayor, podr\u00e1n hacerlo el lunes 15 de 12:00 a 14:00 horas.<\/strong><\/p>\n\n\n\n<p>Por consultas pueden comunicarse al 3576 410867 (no llamadas, s\u00f3lo WhatsApp).<\/p>\n","protected":false},"excerpt":{"rendered":"<p>Las chequeras que no fueron retiradas en el d\u00eda asignado, por razones de fuerza mayor, podr\u00e1n hacerlo el lunes 15&hellip;<\/p>\n","protected":false},"author":3,"featured_media":15629,"comment_status":"closed","ping_status":"open","sticky":false,"template":"","format":"standard","meta":{"footnotes":""},"categories":[1124],"tags":[24,66,67,836,1449,1102,868,555,556,572,1450],"class_list":["post-15628","post","type-post","status-publish","format-standard","has-post-thumbnail","hentry","category-accion-social","tag-accion-social","tag-arroyito","tag-arroyito-cordoba","tag-arroyito-online","tag-becas-utiles","tag-gobierno-municipal","tag-municipales-online","tag-municipalidad","tag-municipalidad-de-arroyito","tag-noticias-de-arroyito-y-zona","tag-subsecretaria-de-desarrollo-comunitario-y-social"],"_links":{"self":[{"href":"https:\/\/arroyitoonline.com.ar\/index.php?rest_route=\/wp\/v2\/posts\/15628","targetHints":{"allow":["GET"]}}],"collection":[{"href":"https:\/\/arroyitoonline.com.ar\/index.php?rest_route=\/wp\/v2\/posts"}],"about":[{"href":"https:\/\/arroyitoonline.com.ar\/index.php?rest_route=\/wp\/v2\/types\/post"}],"author":[{"embeddable":true,"href":"https:\/\/arroyitoonline.com.ar\/index.php?rest_route=\/wp\/v2\/users\/3"}],"replies":[{"embeddable":true,"href":"https:\/\/arroyitoonline.com.ar\/index.php?rest_route=%2Fwp%2Fv2%2Fcomments&post=15628"}],"version-history":[{"count":1,"href":"https:\/\/arroyitoonline.com.ar\/index.php?rest_route=\/wp\/v2\/posts\/15628\/revisions"}],"predecessor-version":[{"id":15630,"href":"https:\/\/arroyitoonline.com.ar\/index.php?rest_route=\/wp\/v2\/posts\/15628\/revisions\/15630"}],"wp:featuredmedia":[{"embeddable":true,"href":"https:\/\/arroyitoonline.com.ar\/index.php?rest_route=\/wp\/v2\/media\/15629"}],"wp:attachment":[{"href":"https:\/\/arroyitoonline.com.ar\/index.php?rest_route=%2Fwp%2Fv2%2Fmedia&parent=15628"}],"wp:term":[{"taxonomy":"category","embeddable":true,"href":"https:\/\/arroyitoonline.com.ar\/index.php?rest_route=%2Fwp%2Fv2%2Fcategories&post=15628"},{"taxonomy":"post_tag","embeddable":true,"href":"https:\/\/arroyitoonline.com.ar\/index.php?rest_route=%2Fwp%2Fv2%2Ftags&post=15628"}],"curies":[{"name":"wp","href":"https:\/\/api.w.org\/{rel}","templated":true}]}}