{"id":15703,"date":"2024-05-16T13:39:08","date_gmt":"2024-05-16T13:39:08","guid":{"rendered":"https:\/\/arroyitoonline.com.ar\/?p=15703"},"modified":"2024-05-16T13:39:10","modified_gmt":"2024-05-16T13:39:10","slug":"inscribite-al-curso-de-poda-habilitante-2024","status":"publish","type":"post","link":"https:\/\/arroyitoonline.com.ar\/?p=15703","title":{"rendered":"Inscribite al curso de Poda habilitante 2024"},"content":{"rendered":"\n<p><strong>La fecha l\u00edmite de inscripci\u00f3n es el mi\u00e9rcoles 22 de mayo inclusive.<\/strong><\/p>\n\n\n\n<p>El \u00e1rea de Ambiente y Energ\u00eda informa que se\u00a0encuentran abiertas las inscripciones para el Curso\u00a0\u201cPoda Habilitante 2024\u201d, que comenzar\u00e1 el martes 28 de mayo de 8:00 a 12:00 horas.<\/p>\n\n\n<div class=\"wp-block-image\">\n<figure class=\"aligncenter size-large\"><img loading=\"lazy\" decoding=\"async\" width=\"819\" height=\"1024\" src=\"https:\/\/arroyitoonline.com.ar\/wp-content\/uploads\/2024\/05\/poda-habilitante-2024-819x1024.jpeg\" alt=\"\" class=\"wp-image-15704\" srcset=\"https:\/\/arroyitoonline.com.ar\/wp-content\/uploads\/2024\/05\/poda-habilitante-2024-819x1024.jpeg 819w, https:\/\/arroyitoonline.com.ar\/wp-content\/uploads\/2024\/05\/poda-habilitante-2024-240x300.jpeg 240w, https:\/\/arroyitoonline.com.ar\/wp-content\/uploads\/2024\/05\/poda-habilitante-2024-768x960.jpeg 768w, https:\/\/arroyitoonline.com.ar\/wp-content\/uploads\/2024\/05\/poda-habilitante-2024.jpeg 1080w\" sizes=\"auto, (max-width: 819px) 100vw, 819px\" \/><\/figure>\n<\/div>\n\n\n<p>La fecha l\u00edmite para la inscripci\u00f3n es el mi\u00e9rcoles 22 de mayo inclusive.\u00a0<\/p>\n\n\n\n<p>Los interesados deben dirigirse a la oficina de Ambiente ubicada en Rivadavia 390, de lunes a viernes, de 7:30 a 13:30, o pueden comunicarse al n\u00famero de tel\u00e9fono 3576-477500.<\/p>\n","protected":false},"excerpt":{"rendered":"<p>La fecha l\u00edmite de inscripci\u00f3n es el mi\u00e9rcoles 22 de mayo inclusive. El \u00e1rea de Ambiente y Energ\u00eda informa que&hellip;<\/p>\n","protected":false},"author":3,"featured_media":15705,"comment_status":"closed","ping_status":"open","sticky":false,"template":"","format":"standard","meta":{"footnotes":""},"categories":[913],"tags":[58,66,67,836,258,1102,528,572,632],"class_list":["post-15703","post","type-post","status-publish","format-standard","has-post-thumbnail","hentry","category-medio-ambiente","tag-arboles","tag-arroyito","tag-arroyito-cordoba","tag-arroyito-online","tag-cuidado-del-medio-ambiente","tag-gobierno-municipal","tag-medio-ambiente","tag-noticias-de-arroyito-y-zona","tag-poda"],"_links":{"self":[{"href":"https:\/\/arroyitoonline.com.ar\/index.php?rest_route=\/wp\/v2\/posts\/15703","targetHints":{"allow":["GET"]}}],"collection":[{"href":"https:\/\/arroyitoonline.com.ar\/index.php?rest_route=\/wp\/v2\/posts"}],"about":[{"href":"https:\/\/arroyitoonline.com.ar\/index.php?rest_route=\/wp\/v2\/types\/post"}],"author":[{"embeddable":true,"href":"https:\/\/arroyitoonline.com.ar\/index.php?rest_route=\/wp\/v2\/users\/3"}],"replies":[{"embeddable":true,"href":"https:\/\/arroyitoonline.com.ar\/index.php?rest_route=%2Fwp%2Fv2%2Fcomments&post=15703"}],"version-history":[{"count":1,"href":"https:\/\/arroyitoonline.com.ar\/index.php?rest_route=\/wp\/v2\/posts\/15703\/revisions"}],"predecessor-version":[{"id":15706,"href":"https:\/\/arroyitoonline.com.ar\/index.php?rest_route=\/wp\/v2\/posts\/15703\/revisions\/15706"}],"wp:featuredmedia":[{"embeddable":true,"href":"https:\/\/arroyitoonline.com.ar\/index.php?rest_route=\/wp\/v2\/media\/15705"}],"wp:attachment":[{"href":"https:\/\/arroyitoonline.com.ar\/index.php?rest_route=%2Fwp%2Fv2%2Fmedia&parent=15703"}],"wp:term":[{"taxonomy":"category","embeddable":true,"href":"https:\/\/arroyitoonline.com.ar\/index.php?rest_route=%2Fwp%2Fv2%2Fcategories&post=15703"},{"taxonomy":"post_tag","embeddable":true,"href":"https:\/\/arroyitoonline.com.ar\/index.php?rest_route=%2Fwp%2Fv2%2Ftags&post=15703"}],"curies":[{"name":"wp","href":"https:\/\/api.w.org\/{rel}","templated":true}]}}