{"id":15708,"date":"2024-05-21T01:12:50","date_gmt":"2024-05-21T01:12:50","guid":{"rendered":"https:\/\/arroyitoonline.com.ar\/?p=15708"},"modified":"2024-05-21T01:12:52","modified_gmt":"2024-05-21T01:12:52","slug":"cesa-el-rector-de-la-unc-y-el-intendente-benedetti-firmaron-un-convenio-para-formalizar-la-oferta-educativa-2024","status":"publish","type":"post","link":"https:\/\/arroyitoonline.com.ar\/?p=15708","title":{"rendered":"CESA: el rector de la UNC y el intendente Benedetti firmaron un convenio para formalizar la oferta educativa 2024"},"content":{"rendered":"\n<p><strong>Ya comenz\u00f3 el dictado de las primeras dos diplomaturas, con modalidad h\u00edbrida y cupo completo.<\/strong><\/p>\n\n\n\n<p>El intendente Gustavo Benedetti, en representaci\u00f3n del Centro de Estudios Superiores Arroyito (CESA)*, formaliz\u00f3 una nueva firma de convenios con la Universidad Nacional de C\u00f3rdoba (UNC) para potenciar la propuesta educativa 2024, con la suma de nuevas diplomaturas que responden a las demandas del entramado socioproductivo regional.<\/p>\n\n\n\n<p>El CESA, que tiene una exitosa aceptaci\u00f3n de j\u00f3venes y adultos para realizar sus procesos de profesionalizaci\u00f3n, cerr\u00f3 2023 con m\u00e1s de 90 egresados. Este a\u00f1o se puso en marcha una nueva plataforma de diplomaturas, que ya cuenta con m\u00e1s de 100 alumnos inscriptos que est\u00e1n cursando.<\/p>\n\n\n\n<p>Las diplomaturas, que en curso son:\u00a0<strong>\u00abComunicaci\u00f3n para no Comunicadores\u00bb, por la Facultad de Ciencias de la Comunicaci\u00f3n, y \u00abGesti\u00f3n en Compras y Log\u00edstica\u00bb, por la Facultad de Ciencias Exactas, F\u00edsicas y Naturales; ambas de la UNC.<\/strong> Cabe destacar que se dictan bajo la modalidad h\u00edbrida y ya cuentan con cupos completos.<\/p>\n\n\n\n<p>El viernes 17 de mayo, el primer mandatario local junto al equipo educativo municipal y miembros de Grupo Arcor mantuvieron una reuni\u00f3n con el Rector de la UNC, Jhon Boretto, donde se formaliz\u00f3 la puesta en marcha de la nueva oferta 2024.<\/p>\n\n\n\n<blockquote class=\"wp-block-quote is-layout-flow wp-block-quote-is-layout-flow\">\n<p>Boretto destac\u00f3 el trabajo que esta realizando la gesti\u00f3n de Benedetti y subray\u00f3 la importancia que se le ha dado a la educaci\u00f3n para la generaci\u00f3n de nuevas oportunidades, tanto para Arroyito como para su zona de influencia.<\/p>\n<\/blockquote>\n\n\n\n<blockquote class=\"wp-block-quote is-layout-flow wp-block-quote-is-layout-flow\">\n<p>\u00ab<em>El compromiso con la educaci\u00f3n es una prioridad de gobierno, que no s\u00f3lo busca beneficiar a los vecinos de la ciudad y sus parajes sino a toda la regi\u00f3n; logrando, gracias al compromiso de actores p\u00fablicos y privados, posicionar a Arroyito como una ciudad educadora con proyecci\u00f3n provincial\u00bb expres\u00f3 Benedetti<\/em><strong><em>.<\/em><\/strong><\/p>\n<\/blockquote>\n\n\n\n<p>Para sumarte a estas propuestas educativas y obtener m\u00e1s informaci\u00f3n ten\u00e9s que dirigirte a la Secretar\u00eda de Educaci\u00f3n e Innovaci\u00f3n ubicada en V\u00e9lez Sarsfield 955 o, v\u00eda telef\u00f3nica, al n\u00famero 3576 476987.<\/p>\n\n\n\n<p><em>(*) El CESA est\u00e1 ubicado en el predio de la ex-Rural \/ Ruta Nacional N19 KM 220,5 Arroyito<\/em>.<\/p>\n","protected":false},"excerpt":{"rendered":"<p>Ya comenz\u00f3 el dictado de las primeras dos diplomaturas, con modalidad h\u00edbrida y cupo completo. El intendente Gustavo Benedetti, en&hellip;<\/p>\n","protected":false},"author":3,"featured_media":15709,"comment_status":"closed","ping_status":"open","sticky":false,"template":"","format":"standard","meta":{"footnotes":""},"categories":[830],"tags":[66,67,836,1456,1455,310,1102,572,906,785],"class_list":["post-15708","post","type-post","status-publish","format-standard","has-post-thumbnail","hentry","category-educacion-online","tag-arroyito","tag-arroyito-cordoba","tag-arroyito-online","tag-centro-de-estudios-superiores-arroyito-cesa","tag-diplomaturas","tag-educacion","tag-gobierno-municipal","tag-noticias-de-arroyito-y-zona","tag-unc","tag-universidad"],"_links":{"self":[{"href":"https:\/\/arroyitoonline.com.ar\/index.php?rest_route=\/wp\/v2\/posts\/15708","targetHints":{"allow":["GET"]}}],"collection":[{"href":"https:\/\/arroyitoonline.com.ar\/index.php?rest_route=\/wp\/v2\/posts"}],"about":[{"href":"https:\/\/arroyitoonline.com.ar\/index.php?rest_route=\/wp\/v2\/types\/post"}],"author":[{"embeddable":true,"href":"https:\/\/arroyitoonline.com.ar\/index.php?rest_route=\/wp\/v2\/users\/3"}],"replies":[{"embeddable":true,"href":"https:\/\/arroyitoonline.com.ar\/index.php?rest_route=%2Fwp%2Fv2%2Fcomments&post=15708"}],"version-history":[{"count":1,"href":"https:\/\/arroyitoonline.com.ar\/index.php?rest_route=\/wp\/v2\/posts\/15708\/revisions"}],"predecessor-version":[{"id":15710,"href":"https:\/\/arroyitoonline.com.ar\/index.php?rest_route=\/wp\/v2\/posts\/15708\/revisions\/15710"}],"wp:featuredmedia":[{"embeddable":true,"href":"https:\/\/arroyitoonline.com.ar\/index.php?rest_route=\/wp\/v2\/media\/15709"}],"wp:attachment":[{"href":"https:\/\/arroyitoonline.com.ar\/index.php?rest_route=%2Fwp%2Fv2%2Fmedia&parent=15708"}],"wp:term":[{"taxonomy":"category","embeddable":true,"href":"https:\/\/arroyitoonline.com.ar\/index.php?rest_route=%2Fwp%2Fv2%2Fcategories&post=15708"},{"taxonomy":"post_tag","embeddable":true,"href":"https:\/\/arroyitoonline.com.ar\/index.php?rest_route=%2Fwp%2Fv2%2Ftags&post=15708"}],"curies":[{"name":"wp","href":"https:\/\/api.w.org\/{rel}","templated":true}]}}