{"id":15711,"date":"2024-05-21T13:08:43","date_gmt":"2024-05-21T13:08:43","guid":{"rendered":"https:\/\/arroyitoonline.com.ar\/?p=15711"},"modified":"2024-05-21T13:08:45","modified_gmt":"2024-05-21T13:08:45","slug":"arroyito-detienen-a-un-hombre-con-pedido-de-captura-y-secuestran-estupefacientes","status":"publish","type":"post","link":"https:\/\/arroyitoonline.com.ar\/?p=15711","title":{"rendered":"Arroyito: detienen a un hombre con pedido de captura y secuestran estupefacientes"},"content":{"rendered":"\n<p><strong>El sujeto aprehendido por la Polic\u00eda tiene 33 a\u00f1os y es oriundo de Morteros.<\/strong><\/p>\n\n\n\n<p>El s\u00e1bado 18 de mayo a la noche, personal de la Comisar\u00eda Arroyito manejaba informaci\u00f3n sobre la presencia de un joven con pedido de captura, por homicidio agravado por el uso de arma de fuego y tentativa de homicidio por el uso de arma de fuego, hecho ocurrido en la provincia de Santa Fe.<\/p>\n\n\n\n<p>En este marco, se realiz\u00f3 el operativo cerrojo en b\u00fasqueda de un autom\u00f3vil que fue ubicado en el sector sur. La Polic\u00eda aprehendi\u00f3 a un hombre de 33 a\u00f1os oriundo de Morteros.<\/p>\n\n\n\n<p>Al registrar el veh\u00edculo constataron la existencia de estupefacientes, por lo que detuvieron al conductor, de 22 a\u00f1os, quien qued\u00f3 a disposici\u00f3n de la Fiscal\u00eda de Lucha Contra el Narcotr\u00e1fico.<\/p>\n\n\n\n<p>Fuente: Comisar\u00eda de Arroyito*.<br>(*) La foto de portada fue tomada momentos posteriores al procedimiento, y quienes se ven son terceros hablando con efectivos.<\/p>\n","protected":false},"excerpt":{"rendered":"<p>El sujeto aprehendido por la Polic\u00eda tiene 33 a\u00f1os y es oriundo de Morteros. El s\u00e1bado 18 de mayo a&hellip;<\/p>\n","protected":false},"author":3,"featured_media":15712,"comment_status":"closed","ping_status":"open","sticky":false,"template":"","format":"standard","meta":{"footnotes":""},"categories":[824],"tags":[1282,1457,66,67,836,424,572,1229,635,637,638,825],"class_list":["post-15711","post","type-post","status-publish","format-standard","has-post-thumbnail","hentry","category-policiales-online","tag-aprehension","tag-arma-de-fuego","tag-arroyito","tag-arroyito-cordoba","tag-arroyito-online","tag-homicidio","tag-noticias-de-arroyito-y-zona","tag-pedido-de-captura","tag-policia","tag-policiales","tag-policiales-arroyito","tag-policiales-online"],"_links":{"self":[{"href":"https:\/\/arroyitoonline.com.ar\/index.php?rest_route=\/wp\/v2\/posts\/15711","targetHints":{"allow":["GET"]}}],"collection":[{"href":"https:\/\/arroyitoonline.com.ar\/index.php?rest_route=\/wp\/v2\/posts"}],"about":[{"href":"https:\/\/arroyitoonline.com.ar\/index.php?rest_route=\/wp\/v2\/types\/post"}],"author":[{"embeddable":true,"href":"https:\/\/arroyitoonline.com.ar\/index.php?rest_route=\/wp\/v2\/users\/3"}],"replies":[{"embeddable":true,"href":"https:\/\/arroyitoonline.com.ar\/index.php?rest_route=%2Fwp%2Fv2%2Fcomments&post=15711"}],"version-history":[{"count":1,"href":"https:\/\/arroyitoonline.com.ar\/index.php?rest_route=\/wp\/v2\/posts\/15711\/revisions"}],"predecessor-version":[{"id":15713,"href":"https:\/\/arroyitoonline.com.ar\/index.php?rest_route=\/wp\/v2\/posts\/15711\/revisions\/15713"}],"wp:featuredmedia":[{"embeddable":true,"href":"https:\/\/arroyitoonline.com.ar\/index.php?rest_route=\/wp\/v2\/media\/15712"}],"wp:attachment":[{"href":"https:\/\/arroyitoonline.com.ar\/index.php?rest_route=%2Fwp%2Fv2%2Fmedia&parent=15711"}],"wp:term":[{"taxonomy":"category","embeddable":true,"href":"https:\/\/arroyitoonline.com.ar\/index.php?rest_route=%2Fwp%2Fv2%2Fcategories&post=15711"},{"taxonomy":"post_tag","embeddable":true,"href":"https:\/\/arroyitoonline.com.ar\/index.php?rest_route=%2Fwp%2Fv2%2Ftags&post=15711"}],"curies":[{"name":"wp","href":"https:\/\/api.w.org\/{rel}","templated":true}]}}