{"id":15720,"date":"2024-05-27T18:53:17","date_gmt":"2024-05-27T18:53:17","guid":{"rendered":"https:\/\/arroyitoonline.com.ar\/?p=15720"},"modified":"2024-05-27T18:53:45","modified_gmt":"2024-05-27T18:53:45","slug":"la-policia-recupero-una-moto-robada-el-fin-de-semana","status":"publish","type":"post","link":"https:\/\/arroyitoonline.com.ar\/?p=15720","title":{"rendered":"La Polic\u00eda recuper\u00f3 una moto robada el fin de semana"},"content":{"rendered":"\n<p><strong>El veh\u00edculo, que ten\u00eda traba manubrio colocada, fue sustra\u00eddo el s\u00e1bado a la madrugada y recuperado el domingo a la noche. <\/strong><\/p>\n\n\n\n<p>El viernes pasado, a las 3:50 de la madrugada, personal policial tom\u00f3 conocimiento del robo de una moto Honda Wave, n el sector sur de la ciudad, que el due\u00f1o hab\u00eda dejado con traba manubrio colocada. La Polic\u00eda patrull\u00f3 el sector e inform\u00f3 el faltante a las dem\u00e1s dependencias de la zona.<\/p>\n\n\n\n<p>En este marco y por averiguaciones practicadas, ayer a las 21:30 horas, la Brigada de Investigaciones recuper\u00f3 la motocicleta Honda Wave roja sustra\u00edda en la madrugada del s\u00e1bado. El veh\u00edculo se encontraba desarmado en un descampado de la zona norte de la ciudad.<\/p>\n\n\n\n<p>Contin\u00faan investigando a los fines de establecer autores y personas relacionadas.<\/p>\n\n\n\n<p>Fuente: Comisar\u00eda de Arroyito.<\/p>\n\n\n\n<p><em>La foto es s\u00f3lo a modo ilustrativo.<\/em><\/p>\n","protected":false},"excerpt":{"rendered":"<p>El veh\u00edculo, que ten\u00eda traba manubrio colocada, fue sustra\u00eddo el s\u00e1bado a la madrugada y recuperado el domingo a la&hellip;<\/p>\n","protected":false},"author":3,"featured_media":15721,"comment_status":"closed","ping_status":"open","sticky":false,"template":"","format":"standard","meta":{"footnotes":""},"categories":[824],"tags":[66,67,836,1086,572,635,637,638,825,693,694],"class_list":["post-15720","post","type-post","status-publish","format-standard","has-post-thumbnail","hentry","category-policiales-online","tag-arroyito","tag-arroyito-cordoba","tag-arroyito-online","tag-moto","tag-noticias-de-arroyito-y-zona","tag-policia","tag-policiales","tag-policiales-arroyito","tag-policiales-online","tag-robo","tag-robos"],"_links":{"self":[{"href":"https:\/\/arroyitoonline.com.ar\/index.php?rest_route=\/wp\/v2\/posts\/15720","targetHints":{"allow":["GET"]}}],"collection":[{"href":"https:\/\/arroyitoonline.com.ar\/index.php?rest_route=\/wp\/v2\/posts"}],"about":[{"href":"https:\/\/arroyitoonline.com.ar\/index.php?rest_route=\/wp\/v2\/types\/post"}],"author":[{"embeddable":true,"href":"https:\/\/arroyitoonline.com.ar\/index.php?rest_route=\/wp\/v2\/users\/3"}],"replies":[{"embeddable":true,"href":"https:\/\/arroyitoonline.com.ar\/index.php?rest_route=%2Fwp%2Fv2%2Fcomments&post=15720"}],"version-history":[{"count":2,"href":"https:\/\/arroyitoonline.com.ar\/index.php?rest_route=\/wp\/v2\/posts\/15720\/revisions"}],"predecessor-version":[{"id":15723,"href":"https:\/\/arroyitoonline.com.ar\/index.php?rest_route=\/wp\/v2\/posts\/15720\/revisions\/15723"}],"wp:featuredmedia":[{"embeddable":true,"href":"https:\/\/arroyitoonline.com.ar\/index.php?rest_route=\/wp\/v2\/media\/15721"}],"wp:attachment":[{"href":"https:\/\/arroyitoonline.com.ar\/index.php?rest_route=%2Fwp%2Fv2%2Fmedia&parent=15720"}],"wp:term":[{"taxonomy":"category","embeddable":true,"href":"https:\/\/arroyitoonline.com.ar\/index.php?rest_route=%2Fwp%2Fv2%2Fcategories&post=15720"},{"taxonomy":"post_tag","embeddable":true,"href":"https:\/\/arroyitoonline.com.ar\/index.php?rest_route=%2Fwp%2Fv2%2Ftags&post=15720"}],"curies":[{"name":"wp","href":"https:\/\/api.w.org\/{rel}","templated":true}]}}