{"id":15734,"date":"2024-06-03T14:16:49","date_gmt":"2024-06-03T14:16:49","guid":{"rendered":"https:\/\/arroyitoonline.com.ar\/?p=15734"},"modified":"2024-06-03T14:16:50","modified_gmt":"2024-06-03T14:16:50","slug":"una-buena-noticia-acercar-reabrira-sus-puertas","status":"publish","type":"post","link":"https:\/\/arroyitoonline.com.ar\/?p=15734","title":{"rendered":"Una buena noticia: Acercar reabrir\u00e1 sus puertas"},"content":{"rendered":"\n<p><strong>El \u00e1rea de Discapacidad del Gobierno Municipal acompa\u00f1a la reapertura de\u00a0Acercar, tras una mesa de di\u00e1logo entre la comisi\u00f3n de la instituci\u00f3n y el Departamento Ejecutivo.<\/strong><\/p>\n\n\n\n<p>En el mes de marzo, el centro hab\u00eda comunicado que comenzaba<em> \u201cuno de los a\u00f1os m\u00e1s dif\u00edciles\u201d<\/em>, ya que a\u00fan no hab\u00edan podido comenzar sus actividades ni abrir las puertas a sus asistentes, situaci\u00f3n que continu\u00f3 hasta la actualidad.<\/p>\n\n\n\n<p>En este marco, el Municipio otorg\u00f3 una ayuda econ\u00f3mica a Acercar, que potencia la decisi\u00f3n de su comisi\u00f3n, de reanudar con la atenci\u00f3n a sus 22 pacientes. Gracias al esfuerzo conjunto de profesionales, socios e instituciones, las actividades y terapias se pondr\u00e1n en marcha esta semana.<\/p>\n\n\n\n<p><em>\u201cDesde el inicio de su mandato, el intendente Gustavo Benedetti ha apoyado con acciones concretas a las personas con discapacidad. En su gesti\u00f3n inicial cre\u00f3 la Comisi\u00f3n Municipal de Discapacidad y, en la actualidad, ha establecido la Oficina de Discapacidad y Accesibilidad, que trabaja en conjunto con todos los centros que abordan la discapacidad\u201d<\/em>, manifestaron desde la actual gesti\u00f3n y ratificaron la gran alegr\u00eda por la reapertura de Acercar.<\/p>\n","protected":false},"excerpt":{"rendered":"<p>El \u00e1rea de Discapacidad del Gobierno Municipal acompa\u00f1a la reapertura de\u00a0Acercar, tras una mesa de di\u00e1logo entre la comisi\u00f3n de&hellip;<\/p>\n","protected":false},"author":3,"featured_media":15735,"comment_status":"closed","ping_status":"open","sticky":false,"template":"","format":"standard","meta":{"footnotes":""},"categories":[1097],"tags":[25,66,67,836,296,1102,572],"class_list":["post-15734","post","type-post","status-publish","format-standard","has-post-thumbnail","hentry","category-discapacidad","tag-acercar","tag-arroyito","tag-arroyito-cordoba","tag-arroyito-online","tag-discapacidad","tag-gobierno-municipal","tag-noticias-de-arroyito-y-zona"],"_links":{"self":[{"href":"https:\/\/arroyitoonline.com.ar\/index.php?rest_route=\/wp\/v2\/posts\/15734","targetHints":{"allow":["GET"]}}],"collection":[{"href":"https:\/\/arroyitoonline.com.ar\/index.php?rest_route=\/wp\/v2\/posts"}],"about":[{"href":"https:\/\/arroyitoonline.com.ar\/index.php?rest_route=\/wp\/v2\/types\/post"}],"author":[{"embeddable":true,"href":"https:\/\/arroyitoonline.com.ar\/index.php?rest_route=\/wp\/v2\/users\/3"}],"replies":[{"embeddable":true,"href":"https:\/\/arroyitoonline.com.ar\/index.php?rest_route=%2Fwp%2Fv2%2Fcomments&post=15734"}],"version-history":[{"count":1,"href":"https:\/\/arroyitoonline.com.ar\/index.php?rest_route=\/wp\/v2\/posts\/15734\/revisions"}],"predecessor-version":[{"id":15736,"href":"https:\/\/arroyitoonline.com.ar\/index.php?rest_route=\/wp\/v2\/posts\/15734\/revisions\/15736"}],"wp:featuredmedia":[{"embeddable":true,"href":"https:\/\/arroyitoonline.com.ar\/index.php?rest_route=\/wp\/v2\/media\/15735"}],"wp:attachment":[{"href":"https:\/\/arroyitoonline.com.ar\/index.php?rest_route=%2Fwp%2Fv2%2Fmedia&parent=15734"}],"wp:term":[{"taxonomy":"category","embeddable":true,"href":"https:\/\/arroyitoonline.com.ar\/index.php?rest_route=%2Fwp%2Fv2%2Fcategories&post=15734"},{"taxonomy":"post_tag","embeddable":true,"href":"https:\/\/arroyitoonline.com.ar\/index.php?rest_route=%2Fwp%2Fv2%2Ftags&post=15734"}],"curies":[{"name":"wp","href":"https:\/\/api.w.org\/{rel}","templated":true}]}}