{"id":15749,"date":"2024-06-06T16:15:06","date_gmt":"2024-06-06T16:15:06","guid":{"rendered":"https:\/\/arroyitoonline.com.ar\/?p=15749"},"modified":"2024-06-06T16:15:08","modified_gmt":"2024-06-06T16:15:08","slug":"transito-una-nena-de-seis-anos-fue-arrollada-por-un-tren-y-sufrio-lesiones-gravisimas","status":"publish","type":"post","link":"https:\/\/arroyitoonline.com.ar\/?p=15749","title":{"rendered":"Tr\u00e1nsito: una nena de seis a\u00f1os fue arrollada por un tren y sufri\u00f3 lesiones grav\u00edsimas"},"content":{"rendered":"\n<p><strong>La directora del Hospital de Ni\u00f1os de C\u00f3rdoba dijo que la peque\u00f1a <em>&#8220;sufri\u00f3 la amputaci\u00f3n del miembro inferior derecho&#8221;<\/em> y que est\u00e1 en estado cr\u00edtico. <\/strong><\/p>\n\n\n\n<p>Seg\u00fan informaron desde la Comisar\u00eda de Distrito Arroyito, anoche, en la localidad de Tr\u00e1nsito, una nena de seis a\u00f1os cay\u00f3 debajo del vag\u00f3n de una formaci\u00f3n de Trenes Argentinos y esto le ocasion\u00f3 lesiones grav\u00edsimas en sus miembros inferiores. La menor fue trasladada al hospital de Arroyito, con pron\u00f3stico reservado y luego derivada a C\u00f3rdoba.<\/p>\n\n\n\n<p>Esta ma\u00f1ana, la directora del Hospital de Ni\u00f1os de la capital provincial, Ver\u00f3nica Petri, donde se encuentra internada la peque\u00f1a, habl\u00f3 con Cadena 3. Seg\u00fan indic\u00f3 la m\u00e9dica, la ni\u00f1a y su mam\u00e1 estaban intentando cruzar entre medio de los vagones del tren, ambas se cayeron y la formaci\u00f3n comenz\u00f3 a circular.<\/p>\n\n\n\n<p><em>&#8220;Esto le produjo a ella una lesi\u00f3n en miembro inferior derecho, una fractura en miembro inferior izquierdo, compromiso de abdomen. En ese momento fue asistida y trasladada a C\u00f3rdoba, llega a la guardia, ingresa a quir\u00f3fano y sufre la amputaci\u00f3n de miembro inferior derecho&#8221;<\/em>, detall\u00f3.<\/p>\n\n\n\n<p><em>&#8220;Est\u00e1 en estado cr\u00edtico, esperando la evoluci\u00f3n y con asistencia respiratoria mec\u00e1nica. Esperamos paso a paso su evoluci\u00f3n&#8221;<\/em>, complet\u00f3 Petri.<\/p>\n","protected":false},"excerpt":{"rendered":"<p>La directora del Hospital de Ni\u00f1os de C\u00f3rdoba dijo que la peque\u00f1a &#8220;sufri\u00f3 la amputaci\u00f3n del miembro inferior derecho&#8221; y&hellip;<\/p>\n","protected":false},"author":3,"featured_media":15750,"comment_status":"closed","ping_status":"open","sticky":false,"template":"","format":"standard","meta":{"footnotes":""},"categories":[824],"tags":[22,66,67,836,572,635,637,825,737,1011,1458],"class_list":["post-15749","post","type-post","status-publish","format-standard","has-post-thumbnail","hentry","category-policiales-online","tag-accidente","tag-arroyito","tag-arroyito-cordoba","tag-arroyito-online","tag-noticias-de-arroyito-y-zona","tag-policia","tag-policiales","tag-policiales-online","tag-siniestro-vial","tag-transito-2","tag-tren"],"_links":{"self":[{"href":"https:\/\/arroyitoonline.com.ar\/index.php?rest_route=\/wp\/v2\/posts\/15749","targetHints":{"allow":["GET"]}}],"collection":[{"href":"https:\/\/arroyitoonline.com.ar\/index.php?rest_route=\/wp\/v2\/posts"}],"about":[{"href":"https:\/\/arroyitoonline.com.ar\/index.php?rest_route=\/wp\/v2\/types\/post"}],"author":[{"embeddable":true,"href":"https:\/\/arroyitoonline.com.ar\/index.php?rest_route=\/wp\/v2\/users\/3"}],"replies":[{"embeddable":true,"href":"https:\/\/arroyitoonline.com.ar\/index.php?rest_route=%2Fwp%2Fv2%2Fcomments&post=15749"}],"version-history":[{"count":1,"href":"https:\/\/arroyitoonline.com.ar\/index.php?rest_route=\/wp\/v2\/posts\/15749\/revisions"}],"predecessor-version":[{"id":15751,"href":"https:\/\/arroyitoonline.com.ar\/index.php?rest_route=\/wp\/v2\/posts\/15749\/revisions\/15751"}],"wp:featuredmedia":[{"embeddable":true,"href":"https:\/\/arroyitoonline.com.ar\/index.php?rest_route=\/wp\/v2\/media\/15750"}],"wp:attachment":[{"href":"https:\/\/arroyitoonline.com.ar\/index.php?rest_route=%2Fwp%2Fv2%2Fmedia&parent=15749"}],"wp:term":[{"taxonomy":"category","embeddable":true,"href":"https:\/\/arroyitoonline.com.ar\/index.php?rest_route=%2Fwp%2Fv2%2Fcategories&post=15749"},{"taxonomy":"post_tag","embeddable":true,"href":"https:\/\/arroyitoonline.com.ar\/index.php?rest_route=%2Fwp%2Fv2%2Ftags&post=15749"}],"curies":[{"name":"wp","href":"https:\/\/api.w.org\/{rel}","templated":true}]}}