{"id":15754,"date":"2024-06-11T00:05:07","date_gmt":"2024-06-11T00:05:07","guid":{"rendered":"https:\/\/arroyitoonline.com.ar\/?p=15754"},"modified":"2024-06-11T00:05:09","modified_gmt":"2024-06-11T00:05:09","slug":"la-velez-lamenta-la-muerte-de-su-exalumno-santiago-spessot","status":"publish","type":"post","link":"https:\/\/arroyitoonline.com.ar\/?p=15754","title":{"rendered":"La V\u00e9lez lamenta la muerte de su exalumno Santiago Spessot"},"content":{"rendered":"\n<p><strong>El joven, que curs\u00f3 todos los a\u00f1os de escolaridad obligatoria en la instituci\u00f3n, fue despedido con profundo pesar.<\/strong><\/p>\n\n\n\n<p>Desde la Escuela Dr. Dalmacio V\u00e9lez Sarsfield lamentaron la muerte del joven Santiago Spessot, egresado de la instituci\u00f3n en 2023: <em>&#8220;en este momento de inmenso dolor queremos recordar con afecto a Santiago&#8221;<\/em>, expresaron. <\/p>\n\n\n\n<p>Santiago Spessot curs\u00f3 todos los a\u00f1os de la escolaridad obligatoria en la V\u00e9lez y colabor\u00f3 de manera activa, desinteresada y silenciosa en su Centro de Estudiantes, el que presidi\u00f3 durante el a\u00f1o pasado.<\/p>\n\n\n\n<p><em>&#8220;Nos unimos en el duelo y ofrecemos nuestro apoyo y solidaridad a su familia y amigos; especialmente a la Promoci\u00f3n 2023, de la que Santiago fue parte. Deseamos que todos encuentren consuelo y fortaleza en el recuerdo de los buenos momentos compartidos. \u00a1Hasta siempre Santi \u00a1Hasta que nos volvamos a encontrar!&#8221;<\/em>, remarcaron desde la entidad educativa. <\/p>\n","protected":false},"excerpt":{"rendered":"<p>El joven, que curs\u00f3 todos los a\u00f1os de escolaridad obligatoria en la instituci\u00f3n, fue despedido con profundo pesar. Desde la&hellip;<\/p>\n","protected":false},"author":3,"featured_media":15755,"comment_status":"closed","ping_status":"open","sticky":false,"template":"","format":"standard","meta":{"footnotes":""},"categories":[6],"tags":[66,67,836,888,875,548,572],"class_list":["post-15754","post","type-post","status-publish","format-standard","has-post-thumbnail","hentry","category-interes-general","tag-arroyito","tag-arroyito-cordoba","tag-arroyito-online","tag-escuela-dr-dalmacio-velez-sarsfield","tag-jovenes-2","tag-muerte","tag-noticias-de-arroyito-y-zona"],"_links":{"self":[{"href":"https:\/\/arroyitoonline.com.ar\/index.php?rest_route=\/wp\/v2\/posts\/15754","targetHints":{"allow":["GET"]}}],"collection":[{"href":"https:\/\/arroyitoonline.com.ar\/index.php?rest_route=\/wp\/v2\/posts"}],"about":[{"href":"https:\/\/arroyitoonline.com.ar\/index.php?rest_route=\/wp\/v2\/types\/post"}],"author":[{"embeddable":true,"href":"https:\/\/arroyitoonline.com.ar\/index.php?rest_route=\/wp\/v2\/users\/3"}],"replies":[{"embeddable":true,"href":"https:\/\/arroyitoonline.com.ar\/index.php?rest_route=%2Fwp%2Fv2%2Fcomments&post=15754"}],"version-history":[{"count":1,"href":"https:\/\/arroyitoonline.com.ar\/index.php?rest_route=\/wp\/v2\/posts\/15754\/revisions"}],"predecessor-version":[{"id":15756,"href":"https:\/\/arroyitoonline.com.ar\/index.php?rest_route=\/wp\/v2\/posts\/15754\/revisions\/15756"}],"wp:featuredmedia":[{"embeddable":true,"href":"https:\/\/arroyitoonline.com.ar\/index.php?rest_route=\/wp\/v2\/media\/15755"}],"wp:attachment":[{"href":"https:\/\/arroyitoonline.com.ar\/index.php?rest_route=%2Fwp%2Fv2%2Fmedia&parent=15754"}],"wp:term":[{"taxonomy":"category","embeddable":true,"href":"https:\/\/arroyitoonline.com.ar\/index.php?rest_route=%2Fwp%2Fv2%2Fcategories&post=15754"},{"taxonomy":"post_tag","embeddable":true,"href":"https:\/\/arroyitoonline.com.ar\/index.php?rest_route=%2Fwp%2Fv2%2Ftags&post=15754"}],"curies":[{"name":"wp","href":"https:\/\/api.w.org\/{rel}","templated":true}]}}