{"id":15766,"date":"2024-06-14T13:22:52","date_gmt":"2024-06-14T13:22:52","guid":{"rendered":"https:\/\/arroyitoonline.com.ar\/?p=15766"},"modified":"2024-06-14T13:22:53","modified_gmt":"2024-06-14T13:22:53","slug":"la-ciudad-de-luto-por-el-fallecimiento-de-estela-mari-rio-de-casal","status":"publish","type":"post","link":"https:\/\/arroyitoonline.com.ar\/?p=15766","title":{"rendered":"La ciudad de luto, por el fallecimiento de Estela Mari R\u00edo de Casal"},"content":{"rendered":"\n<p><strong>Desde la Escuela Dr. Dalmacio V\u00e9lez Sarsfield informaron que la preceptora muri\u00f3 ayer, en horas de la noche. Ten\u00eda 57 a\u00f1os.<\/strong><\/p>\n\n\n\n<p>Ten\u00eda 57 a\u00f1os. Desde la Escuela Dr. Dalmacio V\u00e9lez Sarsfield acompa\u00f1an <em>&#8220;en este triste momento, a la familia de Estela Rio de Casal, preceptora de nuestro Nivel Secundario, que falleci\u00f3 en horas de la noche de ayer&#8221;<\/em>, comunicaron.<\/p>\n\n\n\n<p>Estela egres\u00f3 de la V\u00e9lez en 1985; en marzo del a\u00f1o siguiente fue designada como preceptora. En el a\u00f1o 2012 asumi\u00f3 como Delegada Zonal de la Uni\u00f3n de Educadores de la Provincia de C\u00f3rdoba [UEPC], con sede en nuestra ciudad.<\/p>\n\n\n\n<p><em>&#8220;En marzo de este a\u00f1o cumpli\u00f3 los requisitos jubilatorios. Su delicado estado de salud no le permiti\u00f3 acogerse a ese beneficio. En total, fueron m\u00e1s de 38 a\u00f1os ligados a nuestra escuela y la educaci\u00f3n&#8221;<\/em>, lamentaron desde la instituci\u00f3n educativa.<\/p>\n\n\n\n<p>Y agregaron: <em>&#8220;estudiantes, sus familias y sus colegas, que compartimos con ella a lo largo de todo este tiempo, la recordaremos por su trabajo incansable y su cercan\u00eda comprometida&#8221;<\/em>.<\/p>\n\n\n\n<p>Tambi\u00e9n informaron que <em>&#8220;la Bandera de nuestro Nivel Secundario permanecer\u00e1 hoy, el martes y mi\u00e9rcoles pr\u00f3ximos a media asta en se\u00f1al de duelo. Hasta siempre, Estela querida&#8221;<\/em>.<\/p>\n\n\n\n<p><em>\u00daltimo adi\u00f3s<\/em><\/p>\n\n\n\n<p>El velatorio de Estela, en las salas de AMA (Bianchi esquina Av. Moreno), comenz\u00f3 a las 6:00 y finalizar\u00e1 a las 20:00 horas de hoy viernes. Sus restos ser\u00e1n trasladados al Crematorio Virgen de la Merced, en Toledo, Santa Mar\u00eda, C\u00f3rdoba.<\/p>\n\n\n\n<p><strong>Desde Arroyito Online nos unimos a las condolencias para sus seres queridos.<\/strong><\/p>\n\n\n\n<p>La foto corresponde al Acto de la Promoci\u00f3n 2010, la \u00faltima de la que Estela fue su preceptora.<\/p>\n","protected":false},"excerpt":{"rendered":"<p>Desde la Escuela Dr. Dalmacio V\u00e9lez Sarsfield informaron que la preceptora muri\u00f3 ayer, en horas de la noche. Ten\u00eda 57&hellip;<\/p>\n","protected":false},"author":3,"featured_media":15767,"comment_status":"closed","ping_status":"open","sticky":false,"template":"","format":"standard","meta":{"footnotes":""},"categories":[6],"tags":[66,67,836,1461,1460,548,572,780],"class_list":["post-15766","post","type-post","status-publish","format-standard","has-post-thumbnail","hentry","category-interes-general","tag-arroyito","tag-arroyito-cordoba","tag-arroyito-online","tag-esc-dr-dalmacio-velez-sarsfield","tag-interes-general-online","tag-muerte","tag-noticias-de-arroyito-y-zona","tag-uepc"],"_links":{"self":[{"href":"https:\/\/arroyitoonline.com.ar\/index.php?rest_route=\/wp\/v2\/posts\/15766","targetHints":{"allow":["GET"]}}],"collection":[{"href":"https:\/\/arroyitoonline.com.ar\/index.php?rest_route=\/wp\/v2\/posts"}],"about":[{"href":"https:\/\/arroyitoonline.com.ar\/index.php?rest_route=\/wp\/v2\/types\/post"}],"author":[{"embeddable":true,"href":"https:\/\/arroyitoonline.com.ar\/index.php?rest_route=\/wp\/v2\/users\/3"}],"replies":[{"embeddable":true,"href":"https:\/\/arroyitoonline.com.ar\/index.php?rest_route=%2Fwp%2Fv2%2Fcomments&post=15766"}],"version-history":[{"count":1,"href":"https:\/\/arroyitoonline.com.ar\/index.php?rest_route=\/wp\/v2\/posts\/15766\/revisions"}],"predecessor-version":[{"id":15768,"href":"https:\/\/arroyitoonline.com.ar\/index.php?rest_route=\/wp\/v2\/posts\/15766\/revisions\/15768"}],"wp:featuredmedia":[{"embeddable":true,"href":"https:\/\/arroyitoonline.com.ar\/index.php?rest_route=\/wp\/v2\/media\/15767"}],"wp:attachment":[{"href":"https:\/\/arroyitoonline.com.ar\/index.php?rest_route=%2Fwp%2Fv2%2Fmedia&parent=15766"}],"wp:term":[{"taxonomy":"category","embeddable":true,"href":"https:\/\/arroyitoonline.com.ar\/index.php?rest_route=%2Fwp%2Fv2%2Fcategories&post=15766"},{"taxonomy":"post_tag","embeddable":true,"href":"https:\/\/arroyitoonline.com.ar\/index.php?rest_route=%2Fwp%2Fv2%2Ftags&post=15766"}],"curies":[{"name":"wp","href":"https:\/\/api.w.org\/{rel}","templated":true}]}}