{"id":15778,"date":"2024-06-24T13:47:12","date_gmt":"2024-06-24T13:47:12","guid":{"rendered":"https:\/\/arroyitoonline.com.ar\/?p=15778"},"modified":"2024-06-24T13:48:05","modified_gmt":"2024-06-24T13:48:05","slug":"investigan-homicidio-una-persona-esta-detenida-y-otra-se-encuentra-profuga-de-la-justicia","status":"publish","type":"post","link":"https:\/\/arroyitoonline.com.ar\/?p=15778","title":{"rendered":"Investigan homicidio: una persona est\u00e1 detenida y otra se encuentra pr\u00f3fuga de la Justicia"},"content":{"rendered":"\n<p><strong>No hay precisiones sobre la mec\u00e1nica del hecho. El fallecido ten\u00eda 31 a\u00f1os y era oriundo de La Tordilla.<\/strong><\/p>\n\n\n\n<p>Personal de la Comisar\u00eda de Distrito Arroyito se encuentra investigando un hecho de homicidio, donde un joven oriundo de la localidad de La Tordilla perdi\u00f3 la vida.<\/p>\n\n\n\n<p>Por el hecho se encuentra detenida una persona mayor de edad, mientras que otra est\u00e1 pr\u00f3fuga de la Justicia.<\/p>\n\n\n\n<p>Se realizaron allanamientos y operativos con la intervenci\u00f3n del ETER; mientras contin\u00faan las tareas de Investigaci\u00f3n para esclarecer el hecho. Tiene intervenci\u00f3n en la causa la Fiscal\u00eda de Instrucci\u00f3n de Arroyito.<\/p>\n\n\n\n<p>Fuente: parte de prensa de la Comisar\u00eda de Arroyito.<\/p>\n","protected":false},"excerpt":{"rendered":"<p>No hay precisiones sobre la mec\u00e1nica del hecho. El fallecido ten\u00eda 31 a\u00f1os y era oriundo de La Tordilla. Personal&hellip;<\/p>\n","protected":false},"author":3,"featured_media":15478,"comment_status":"closed","ping_status":"open","sticky":false,"template":"","format":"standard","meta":{"footnotes":""},"categories":[824],"tags":[66,67,836,424,572,635,637,638,825],"class_list":["post-15778","post","type-post","status-publish","format-standard","has-post-thumbnail","hentry","category-policiales-online","tag-arroyito","tag-arroyito-cordoba","tag-arroyito-online","tag-homicidio","tag-noticias-de-arroyito-y-zona","tag-policia","tag-policiales","tag-policiales-arroyito","tag-policiales-online"],"_links":{"self":[{"href":"https:\/\/arroyitoonline.com.ar\/index.php?rest_route=\/wp\/v2\/posts\/15778","targetHints":{"allow":["GET"]}}],"collection":[{"href":"https:\/\/arroyitoonline.com.ar\/index.php?rest_route=\/wp\/v2\/posts"}],"about":[{"href":"https:\/\/arroyitoonline.com.ar\/index.php?rest_route=\/wp\/v2\/types\/post"}],"author":[{"embeddable":true,"href":"https:\/\/arroyitoonline.com.ar\/index.php?rest_route=\/wp\/v2\/users\/3"}],"replies":[{"embeddable":true,"href":"https:\/\/arroyitoonline.com.ar\/index.php?rest_route=%2Fwp%2Fv2%2Fcomments&post=15778"}],"version-history":[{"count":1,"href":"https:\/\/arroyitoonline.com.ar\/index.php?rest_route=\/wp\/v2\/posts\/15778\/revisions"}],"predecessor-version":[{"id":15779,"href":"https:\/\/arroyitoonline.com.ar\/index.php?rest_route=\/wp\/v2\/posts\/15778\/revisions\/15779"}],"wp:featuredmedia":[{"embeddable":true,"href":"https:\/\/arroyitoonline.com.ar\/index.php?rest_route=\/wp\/v2\/media\/15478"}],"wp:attachment":[{"href":"https:\/\/arroyitoonline.com.ar\/index.php?rest_route=%2Fwp%2Fv2%2Fmedia&parent=15778"}],"wp:term":[{"taxonomy":"category","embeddable":true,"href":"https:\/\/arroyitoonline.com.ar\/index.php?rest_route=%2Fwp%2Fv2%2Fcategories&post=15778"},{"taxonomy":"post_tag","embeddable":true,"href":"https:\/\/arroyitoonline.com.ar\/index.php?rest_route=%2Fwp%2Fv2%2Ftags&post=15778"}],"curies":[{"name":"wp","href":"https:\/\/api.w.org\/{rel}","templated":true}]}}