{"id":15784,"date":"2024-06-24T18:53:52","date_gmt":"2024-06-24T18:53:52","guid":{"rendered":"https:\/\/arroyitoonline.com.ar\/?p=15784"},"modified":"2024-06-24T18:53:53","modified_gmt":"2024-06-24T18:53:53","slug":"la-policia-confirmo-que-el-joven-de-la-tordilla-murio-producto-de-heridas-por-arma-de-fuego","status":"publish","type":"post","link":"https:\/\/arroyitoonline.com.ar\/?p=15784","title":{"rendered":"La Polic\u00eda confirm\u00f3 que el joven de La Tordilla muri\u00f3 producto de heridas por arma de fuego"},"content":{"rendered":"\n<p><strong>En la ampliaci\u00f3n del parte policial, la Comisar\u00eda Distrito Arroyito inform\u00f3 adem\u00e1s, que el cuerpo fue hallado en zona urbana de esa localidad.<\/strong><\/p>\n\n\n\n<p>Hace minutos, la Comisar\u00eda de Distrito Arroyito ampli\u00f3 los datos sobre el homicidio de un joven de 31 a\u00f1os oriundo de La Tordilla. El hecho ocurri\u00f3 en la ma\u00f1ana de ayer domingo, sobre la Av. Mariano Moreno, casi en intersecci\u00f3n con Castro Barros.<\/p>\n\n\n\n<p>En este nuevo informe, la Polic\u00eda confirmo, no s\u00f3lo que la v\u00edctima perdi\u00f3 la vida producto de haber sido herido por disparos de arma de fuego, sino tambi\u00e9n, que el cuerpo fue hallado en zona urbana de La Tordilla.<\/p>\n\n\n\n<p>Por el hecho se encuentran detenidas dos personas con domicilio en Arroyito, mientras que una tercera est\u00e1 pr\u00f3fuga de la Justicia. Adem\u00e1s de los procedimientos y allanamientos realizados, fueron secuestrados veh\u00edculos que podr\u00edan haber tenido participaci\u00f3n en el suceso. La causa est\u00e1 a cargo de la Fiscal\u00eda de Instrucci\u00f3n de Arroyito.<\/p>\n\n\n\n<p>Fuente: Comisar\u00eda de Distrito Arroyito.<\/p>\n","protected":false},"excerpt":{"rendered":"<p>En la ampliaci\u00f3n del parte policial, la Comisar\u00eda Distrito Arroyito inform\u00f3 adem\u00e1s, que el cuerpo fue hallado en zona urbana&hellip;<\/p>\n","protected":false},"author":3,"featured_media":15785,"comment_status":"closed","ping_status":"open","sticky":false,"template":"","format":"standard","meta":{"footnotes":""},"categories":[824],"tags":[66,67,836,75,424,487,572,635,637,638,825],"class_list":["post-15784","post","type-post","status-publish","format-standard","has-post-thumbnail","hentry","category-policiales-online","tag-arroyito","tag-arroyito-cordoba","tag-arroyito-online","tag-asesinato","tag-homicidio","tag-la-tordilla","tag-noticias-de-arroyito-y-zona","tag-policia","tag-policiales","tag-policiales-arroyito","tag-policiales-online"],"_links":{"self":[{"href":"https:\/\/arroyitoonline.com.ar\/index.php?rest_route=\/wp\/v2\/posts\/15784","targetHints":{"allow":["GET"]}}],"collection":[{"href":"https:\/\/arroyitoonline.com.ar\/index.php?rest_route=\/wp\/v2\/posts"}],"about":[{"href":"https:\/\/arroyitoonline.com.ar\/index.php?rest_route=\/wp\/v2\/types\/post"}],"author":[{"embeddable":true,"href":"https:\/\/arroyitoonline.com.ar\/index.php?rest_route=\/wp\/v2\/users\/3"}],"replies":[{"embeddable":true,"href":"https:\/\/arroyitoonline.com.ar\/index.php?rest_route=%2Fwp%2Fv2%2Fcomments&post=15784"}],"version-history":[{"count":1,"href":"https:\/\/arroyitoonline.com.ar\/index.php?rest_route=\/wp\/v2\/posts\/15784\/revisions"}],"predecessor-version":[{"id":15786,"href":"https:\/\/arroyitoonline.com.ar\/index.php?rest_route=\/wp\/v2\/posts\/15784\/revisions\/15786"}],"wp:featuredmedia":[{"embeddable":true,"href":"https:\/\/arroyitoonline.com.ar\/index.php?rest_route=\/wp\/v2\/media\/15785"}],"wp:attachment":[{"href":"https:\/\/arroyitoonline.com.ar\/index.php?rest_route=%2Fwp%2Fv2%2Fmedia&parent=15784"}],"wp:term":[{"taxonomy":"category","embeddable":true,"href":"https:\/\/arroyitoonline.com.ar\/index.php?rest_route=%2Fwp%2Fv2%2Fcategories&post=15784"},{"taxonomy":"post_tag","embeddable":true,"href":"https:\/\/arroyitoonline.com.ar\/index.php?rest_route=%2Fwp%2Fv2%2Ftags&post=15784"}],"curies":[{"name":"wp","href":"https:\/\/api.w.org\/{rel}","templated":true}]}}