{"id":15788,"date":"2024-06-26T14:39:20","date_gmt":"2024-06-26T14:39:20","guid":{"rendered":"https:\/\/arroyitoonline.com.ar\/?p=15788"},"modified":"2024-06-26T14:39:22","modified_gmt":"2024-06-26T14:39:22","slug":"arroyito-detuvieron-a-un-hombre-que-tenia-pedido-de-captura","status":"publish","type":"post","link":"https:\/\/arroyitoonline.com.ar\/?p=15788","title":{"rendered":"Arroyito: detuvieron a un hombre que ten\u00eda pedido de captura"},"content":{"rendered":"\n<p><strong>Lo vieron en la Terminal de \u00d3mnibus, se dio a la fuga y le dieron alcance en el sector norte de la ciudad.<\/strong><\/p>\n\n\n\n<p>Ayer a la ma\u00f1ana, en el sector de la Terminal de \u00d3mnibus de Arroyito, personal policial de la Patrulla Rural vio a un hombre de 43 a\u00f1os, oriundo de esta ciudad, sobre quien pesaba pedido de captura de la Fiscal\u00eda de Instrucci\u00f3n de Arroyito, por un hecho contra la propiedad ocurrido en zona rural.<\/p>\n\n\n\n<p>Intentaron aprehenderlo, pero el sujeto logr\u00f3 darse a la fuga. En este marco, la Polic\u00eda local realiz\u00f3 un operativo cerrojo con los efectivos de guardia y personal de Investigaciones. Lo encontraron en Favari al 1000.<\/p>\n\n\n\n<p>El hombre fue detenido y trasladado a la Comisar\u00eda, donde qued\u00f3 alojado a disposici\u00f3n de la Fiscal\u00eda interviniente.<\/p>\n\n\n\n<p>Fuente: Comisar\u00eda de Distrito Arroyito.<\/p>\n","protected":false},"excerpt":{"rendered":"<p>Lo vieron en la Terminal de \u00d3mnibus, se dio a la fuga y le dieron alcance en el sector norte&hellip;<\/p>\n","protected":false},"author":3,"featured_media":15789,"comment_status":"closed","ping_status":"open","sticky":false,"template":"","format":"standard","meta":{"footnotes":""},"categories":[824],"tags":[1282,66,67,836,1462,285,572,1229,635,637,638,825],"class_list":["post-15788","post","type-post","status-publish","format-standard","has-post-thumbnail","hentry","category-policiales-online","tag-aprehension","tag-arroyito","tag-arroyito-cordoba","tag-arroyito-online","tag-comisaria-arroyito","tag-detencion","tag-noticias-de-arroyito-y-zona","tag-pedido-de-captura","tag-policia","tag-policiales","tag-policiales-arroyito","tag-policiales-online"],"_links":{"self":[{"href":"https:\/\/arroyitoonline.com.ar\/index.php?rest_route=\/wp\/v2\/posts\/15788","targetHints":{"allow":["GET"]}}],"collection":[{"href":"https:\/\/arroyitoonline.com.ar\/index.php?rest_route=\/wp\/v2\/posts"}],"about":[{"href":"https:\/\/arroyitoonline.com.ar\/index.php?rest_route=\/wp\/v2\/types\/post"}],"author":[{"embeddable":true,"href":"https:\/\/arroyitoonline.com.ar\/index.php?rest_route=\/wp\/v2\/users\/3"}],"replies":[{"embeddable":true,"href":"https:\/\/arroyitoonline.com.ar\/index.php?rest_route=%2Fwp%2Fv2%2Fcomments&post=15788"}],"version-history":[{"count":1,"href":"https:\/\/arroyitoonline.com.ar\/index.php?rest_route=\/wp\/v2\/posts\/15788\/revisions"}],"predecessor-version":[{"id":15790,"href":"https:\/\/arroyitoonline.com.ar\/index.php?rest_route=\/wp\/v2\/posts\/15788\/revisions\/15790"}],"wp:featuredmedia":[{"embeddable":true,"href":"https:\/\/arroyitoonline.com.ar\/index.php?rest_route=\/wp\/v2\/media\/15789"}],"wp:attachment":[{"href":"https:\/\/arroyitoonline.com.ar\/index.php?rest_route=%2Fwp%2Fv2%2Fmedia&parent=15788"}],"wp:term":[{"taxonomy":"category","embeddable":true,"href":"https:\/\/arroyitoonline.com.ar\/index.php?rest_route=%2Fwp%2Fv2%2Fcategories&post=15788"},{"taxonomy":"post_tag","embeddable":true,"href":"https:\/\/arroyitoonline.com.ar\/index.php?rest_route=%2Fwp%2Fv2%2Ftags&post=15788"}],"curies":[{"name":"wp","href":"https:\/\/api.w.org\/{rel}","templated":true}]}}