{"id":15826,"date":"2024-07-02T21:53:19","date_gmt":"2024-07-02T21:53:19","guid":{"rendered":"https:\/\/arroyitoonline.com.ar\/?p=15826"},"modified":"2024-07-02T21:53:20","modified_gmt":"2024-07-02T21:53:20","slug":"la-dolorosa-despedida-del-joven-enzo-bertone","status":"publish","type":"post","link":"https:\/\/arroyitoonline.com.ar\/?p=15826","title":{"rendered":"La dolorosa despedida del joven Enzo Bertone"},"content":{"rendered":"\n<p><strong>Ten\u00eda 18 a\u00f1os. La comunidad educativa del IPEM N\u00ba 329, escuela de la que egres\u00f3 el a\u00f1o pasado, envi\u00f3 condolencias. <\/strong><\/p>\n\n\n\n<p>Desde el IPEM N\u00ba 329 Arquitecto Osvaldo Pons emitieron un comunicado, a trav\u00e9s del cual lamentaron el fallecimiento del joven Enzo Bertone, quien ten\u00eda 18 a\u00f1os y egres\u00f3 el a\u00f1o pasado, de esa instituci\u00f3n de Nivel Medio.<\/p>\n\n\n\n<p><em>\u201cCon profundo dolor, la comunidad educativa despide a Enzo\u201d<\/em>, escribieron en las redes sociales del colegio.<\/p>\n\n\n\n<p>Y agregaron que <em>\u201cEnzo fue un estudiante ejemplar, buen compa\u00f1ero; fue escolta de la bandera de Arroyito. Acompa\u00f1amos a su familia, compa\u00f1eros y amigos en este dif\u00edcil momento\u201d<\/em>.<\/p>\n\n\n\n<p>Esta tarde, a las 17:45 horas, se realiz\u00f3 el sepelio. No hubo velatorio, por disposici\u00f3n de la familia. Quienes hacemos Arroyito Online enviamos nuestras condolencias a sus seres queridos.<\/p>\n\n\n\n<p><strong>PREVENCI\u00d3N DEL SUICIDIO<\/strong><\/p>\n\n\n\n<p>Entre los signos de alarma de una crisis suicida se encuentran los siguientes: llanto inconsolable, tendencia al aislamiento, amenazas suicidas, deseos de morir, desesperanza, s\u00fabitos cambios de conducta, afectos y h\u00e1bitos, aislamiento, conductas inusuales, consumo excesivo de alcohol o drogas, realizaci\u00f3n de notas de despedidas, etc.<\/p>\n\n\n\n<p>Los que siguen se consideran grupos de riesgo suicida:<\/p>\n\n\n\n<p>-Las personas que est\u00e1n atravesando un proceso depresivo<\/p>\n\n\n\n<p>-Los que tienen ideas suicidas o amenazan con el suicidio<\/p>\n\n\n\n<p>-Quienes hayan realizado un intento suicida<\/p>\n\n\n\n<p>-Aquellos que est\u00e1n en situaciones de crisis<\/p>\n\n\n\n<p>-Los sobrevivientes o familiares del suicida<\/p>\n\n\n\n<p>Qu\u00e9 debemos hacer en caso de detectar riesgo de suicidio:<\/p>\n\n\n\n<p>-Preguntarle siempre a esa persona en situaci\u00f3n de riesgo si ha pensado en el suicidio.<\/p>\n\n\n\n<p>-Si la respuesta es afirmativa, evitar su acceso a cualquier m\u00e9todo que pueda da\u00f1arlo. Nunca dejarlo a solas mientras persistan las ideas suicidas.<\/p>\n\n\n\n<p>-Avisarles a otras personas del entorno, para que contribuyan a que evite la ocurrencia de un acto suicida.<\/p>\n\n\n\n<p>-Acercarlo a las fuentes de salud para que reciba atenci\u00f3n especializada.<\/p>\n\n\n\n<p><em>Fuente: Ministerio de Salud de la Naci\u00f3n.<\/em><\/p>\n\n\n\n<p><strong>No est\u00e1s solo \u2013 No est\u00e1s sola<\/strong><\/p>\n\n\n\n<p>\u00a1Ped\u00ed ayuda! Tu vida est\u00e1 llena de razones para continuar. No dudes en llamar 3576 453000 \/ 487333 o llegarte a la guardia del hospital municipal.<\/p>\n","protected":false},"excerpt":{"rendered":"<p>Ten\u00eda 18 a\u00f1os. La comunidad educativa del IPEM N\u00ba 329, escuela de la que egres\u00f3 el a\u00f1o pasado, envi\u00f3 condolencias.&hellip;<\/p>\n","protected":false},"author":3,"featured_media":15827,"comment_status":"closed","ping_status":"open","sticky":false,"template":"","format":"standard","meta":{"footnotes":""},"categories":[6],"tags":[66,67,836,875,572],"class_list":["post-15826","post","type-post","status-publish","format-standard","has-post-thumbnail","hentry","category-interes-general","tag-arroyito","tag-arroyito-cordoba","tag-arroyito-online","tag-jovenes-2","tag-noticias-de-arroyito-y-zona"],"_links":{"self":[{"href":"https:\/\/arroyitoonline.com.ar\/index.php?rest_route=\/wp\/v2\/posts\/15826","targetHints":{"allow":["GET"]}}],"collection":[{"href":"https:\/\/arroyitoonline.com.ar\/index.php?rest_route=\/wp\/v2\/posts"}],"about":[{"href":"https:\/\/arroyitoonline.com.ar\/index.php?rest_route=\/wp\/v2\/types\/post"}],"author":[{"embeddable":true,"href":"https:\/\/arroyitoonline.com.ar\/index.php?rest_route=\/wp\/v2\/users\/3"}],"replies":[{"embeddable":true,"href":"https:\/\/arroyitoonline.com.ar\/index.php?rest_route=%2Fwp%2Fv2%2Fcomments&post=15826"}],"version-history":[{"count":1,"href":"https:\/\/arroyitoonline.com.ar\/index.php?rest_route=\/wp\/v2\/posts\/15826\/revisions"}],"predecessor-version":[{"id":15828,"href":"https:\/\/arroyitoonline.com.ar\/index.php?rest_route=\/wp\/v2\/posts\/15826\/revisions\/15828"}],"wp:featuredmedia":[{"embeddable":true,"href":"https:\/\/arroyitoonline.com.ar\/index.php?rest_route=\/wp\/v2\/media\/15827"}],"wp:attachment":[{"href":"https:\/\/arroyitoonline.com.ar\/index.php?rest_route=%2Fwp%2Fv2%2Fmedia&parent=15826"}],"wp:term":[{"taxonomy":"category","embeddable":true,"href":"https:\/\/arroyitoonline.com.ar\/index.php?rest_route=%2Fwp%2Fv2%2Fcategories&post=15826"},{"taxonomy":"post_tag","embeddable":true,"href":"https:\/\/arroyitoonline.com.ar\/index.php?rest_route=%2Fwp%2Fv2%2Ftags&post=15826"}],"curies":[{"name":"wp","href":"https:\/\/api.w.org\/{rel}","templated":true}]}}