{"id":15834,"date":"2024-07-03T01:16:28","date_gmt":"2024-07-03T01:16:28","guid":{"rendered":"https:\/\/arroyitoonline.com.ar\/?p=15834"},"modified":"2024-07-03T01:16:29","modified_gmt":"2024-07-03T01:16:29","slug":"en-accidente-de-transito-fallecio-una-joven-de-14-anos","status":"publish","type":"post","link":"https:\/\/arroyitoonline.com.ar\/?p=15834","title":{"rendered":"En accidente de tr\u00e1nsito falleci\u00f3 una joven de 14 a\u00f1os"},"content":{"rendered":"\n<p><strong>Iba con otra mujer de 28 a\u00f1os. La moto perdi\u00f3 el control y ambas cayeron a un canal. <\/strong><\/p>\n\n\n\n<p>En la tarde de hoy se produjo un accidente fatal en el acceso este a la ciudad, sobre colectora de Ruta Nacional 19. Dos mujeres del paraje El Fuertecito circulaban en una moto Honda CB cuando, por causas que se tratan de establecer, perdieron el control del rodado y cayeron a un canal. <\/p>\n\n\n\n<p>Como resultado del siniestro, una joven de 14 a\u00f1os que iba a en la moto perdi\u00f3 al vida. Mientras que la otra ocupante, de 28 a\u00f1os, sufri\u00f3 lesiones leves. <\/p>\n\n\n\n<p>En el lugar trabajaron Bomberos Voluntarios de Arroyito y personal de Polic\u00eda Judicial. Interviene en la causa, la Fiscal\u00eda de Instrucci\u00f3n local. <\/p>\n\n\n\n<p>Fuente: prensa Comisar\u00eda Distrito Arroyito.<\/p>\n","protected":false},"excerpt":{"rendered":"<p>Iba con otra mujer de 28 a\u00f1os. La moto perdi\u00f3 el control y ambas cayeron a un canal. En la&hellip;<\/p>\n","protected":false},"author":3,"featured_media":15835,"comment_status":"closed","ping_status":"open","sticky":false,"template":"","format":"standard","meta":{"footnotes":""},"categories":[824],"tags":[22,66,67,836,1102,548,572,635,637,638,825,737],"class_list":["post-15834","post","type-post","status-publish","format-standard","has-post-thumbnail","hentry","category-policiales-online","tag-accidente","tag-arroyito","tag-arroyito-cordoba","tag-arroyito-online","tag-gobierno-municipal","tag-muerte","tag-noticias-de-arroyito-y-zona","tag-policia","tag-policiales","tag-policiales-arroyito","tag-policiales-online","tag-siniestro-vial"],"_links":{"self":[{"href":"https:\/\/arroyitoonline.com.ar\/index.php?rest_route=\/wp\/v2\/posts\/15834","targetHints":{"allow":["GET"]}}],"collection":[{"href":"https:\/\/arroyitoonline.com.ar\/index.php?rest_route=\/wp\/v2\/posts"}],"about":[{"href":"https:\/\/arroyitoonline.com.ar\/index.php?rest_route=\/wp\/v2\/types\/post"}],"author":[{"embeddable":true,"href":"https:\/\/arroyitoonline.com.ar\/index.php?rest_route=\/wp\/v2\/users\/3"}],"replies":[{"embeddable":true,"href":"https:\/\/arroyitoonline.com.ar\/index.php?rest_route=%2Fwp%2Fv2%2Fcomments&post=15834"}],"version-history":[{"count":1,"href":"https:\/\/arroyitoonline.com.ar\/index.php?rest_route=\/wp\/v2\/posts\/15834\/revisions"}],"predecessor-version":[{"id":15836,"href":"https:\/\/arroyitoonline.com.ar\/index.php?rest_route=\/wp\/v2\/posts\/15834\/revisions\/15836"}],"wp:featuredmedia":[{"embeddable":true,"href":"https:\/\/arroyitoonline.com.ar\/index.php?rest_route=\/wp\/v2\/media\/15835"}],"wp:attachment":[{"href":"https:\/\/arroyitoonline.com.ar\/index.php?rest_route=%2Fwp%2Fv2%2Fmedia&parent=15834"}],"wp:term":[{"taxonomy":"category","embeddable":true,"href":"https:\/\/arroyitoonline.com.ar\/index.php?rest_route=%2Fwp%2Fv2%2Fcategories&post=15834"},{"taxonomy":"post_tag","embeddable":true,"href":"https:\/\/arroyitoonline.com.ar\/index.php?rest_route=%2Fwp%2Fv2%2Ftags&post=15834"}],"curies":[{"name":"wp","href":"https:\/\/api.w.org\/{rel}","templated":true}]}}