{"id":15842,"date":"2024-07-04T02:26:31","date_gmt":"2024-07-04T02:26:31","guid":{"rendered":"https:\/\/arroyitoonline.com.ar\/?p=15842"},"modified":"2024-07-04T02:26:51","modified_gmt":"2024-07-04T02:26:51","slug":"63-alumnos-rindieron-los-examenes-anuales-de-la-esc-mun-de-danzas-folcloricas-argentinas","status":"publish","type":"post","link":"https:\/\/arroyitoonline.com.ar\/?p=15842","title":{"rendered":"63 alumnos rindieron los ex\u00e1menes anuales de la Esc. Municipal de Danzas Folcl\u00f3ricas Argentinas"},"content":{"rendered":"\n<p><strong>Los estudiantes demostraron los aprendizajes te\u00f3rico-pr\u00e1cticos adquiridos y desarrollados en la instituci\u00f3n.<\/strong><\/p>\n\n\n\n<p>El lunes 1 de julio, la Escuela Municipal de Danzas Folkl\u00f3ricas Argentinas concret\u00f3 sus Ex\u00e1menes Anuales del Ciclo 2023\/2024.<\/p>\n\n\n\n<p>63 alumnos participaron y acreditaron un a\u00f1o m\u00e1s de estudio, en el Profesorado de Danzas Folkl\u00f3ricas Argentinas.<\/p>\n\n\n\n<p>Bajo la supervisi\u00f3n de la Lic. Viviana Pedernera y el equipo docente, con la direcci\u00f3n del Prof. Federico Ceballos, los alumnos demostraron los aprendizajes te\u00f3rico-pr\u00e1cticos adquiridos y desarrollados en la instituci\u00f3n.<\/p>\n\n\n\n<blockquote class=\"wp-block-quote is-layout-flow wp-block-quote-is-layout-flow\">\n<p><em>\u201cAgradecemos especialmente a las familias por su apoyo, a la Subsecretar\u00eda de Cultura y al equipo de gesti\u00f3n de nuestra Municipalidad, por hacer posible este logro\u201d<\/em><\/p>\n<cite><em><strong>expres\u00f3 el director de la Escuela Municipal de Danzas.<\/strong><\/em><\/cite><\/blockquote>\n","protected":false},"excerpt":{"rendered":"<p>Los estudiantes demostraron los aprendizajes te\u00f3rico-pr\u00e1cticos adquiridos y desarrollados en la instituci\u00f3n. El lunes 1 de julio, la Escuela Municipal&hellip;<\/p>\n","protected":false},"author":3,"featured_media":15843,"comment_status":"closed","ping_status":"open","sticky":false,"template":"","format":"standard","meta":{"footnotes":""},"categories":[2],"tags":[66,67,836,259,864,267,382,1102,572],"class_list":["post-15842","post","type-post","status-publish","format-standard","has-post-thumbnail","hentry","category-cultura-y-espectaculos","tag-arroyito","tag-arroyito-cordoba","tag-arroyito-online","tag-cultura","tag-cultura-y-espectaculos-online","tag-danza","tag-folclore","tag-gobierno-municipal","tag-noticias-de-arroyito-y-zona"],"_links":{"self":[{"href":"https:\/\/arroyitoonline.com.ar\/index.php?rest_route=\/wp\/v2\/posts\/15842","targetHints":{"allow":["GET"]}}],"collection":[{"href":"https:\/\/arroyitoonline.com.ar\/index.php?rest_route=\/wp\/v2\/posts"}],"about":[{"href":"https:\/\/arroyitoonline.com.ar\/index.php?rest_route=\/wp\/v2\/types\/post"}],"author":[{"embeddable":true,"href":"https:\/\/arroyitoonline.com.ar\/index.php?rest_route=\/wp\/v2\/users\/3"}],"replies":[{"embeddable":true,"href":"https:\/\/arroyitoonline.com.ar\/index.php?rest_route=%2Fwp%2Fv2%2Fcomments&post=15842"}],"version-history":[{"count":2,"href":"https:\/\/arroyitoonline.com.ar\/index.php?rest_route=\/wp\/v2\/posts\/15842\/revisions"}],"predecessor-version":[{"id":15845,"href":"https:\/\/arroyitoonline.com.ar\/index.php?rest_route=\/wp\/v2\/posts\/15842\/revisions\/15845"}],"wp:featuredmedia":[{"embeddable":true,"href":"https:\/\/arroyitoonline.com.ar\/index.php?rest_route=\/wp\/v2\/media\/15843"}],"wp:attachment":[{"href":"https:\/\/arroyitoonline.com.ar\/index.php?rest_route=%2Fwp%2Fv2%2Fmedia&parent=15842"}],"wp:term":[{"taxonomy":"category","embeddable":true,"href":"https:\/\/arroyitoonline.com.ar\/index.php?rest_route=%2Fwp%2Fv2%2Fcategories&post=15842"},{"taxonomy":"post_tag","embeddable":true,"href":"https:\/\/arroyitoonline.com.ar\/index.php?rest_route=%2Fwp%2Fv2%2Ftags&post=15842"}],"curies":[{"name":"wp","href":"https:\/\/api.w.org\/{rel}","templated":true}]}}