{"id":15873,"date":"2024-07-22T14:34:19","date_gmt":"2024-07-22T14:34:19","guid":{"rendered":"https:\/\/arroyitoonline.com.ar\/?p=15873"},"modified":"2024-07-22T14:50:03","modified_gmt":"2024-07-22T14:50:03","slug":"inmenso-dolor-fallecio-la-joven-de-arroyito-virginia-garcia-tras-darle-una-larga-batalla-al-cancer","status":"publish","type":"post","link":"https:\/\/arroyitoonline.com.ar\/?p=15873","title":{"rendered":"Inmenso dolor: falleci\u00f3 la joven de Arroyito, Virginia Garc\u00eda, tras darle una larga batalla al c\u00e1ncer"},"content":{"rendered":"\n<p><strong>Ten\u00eda 35 a\u00f1os y padec\u00eda c\u00e1ncer de c\u00e9rvix. Era mam\u00e1 de dos hijos. Su lucha ser\u00e1 siempre recordada.<\/strong><\/p>\n\n\n\n<p>Mar\u00eda Virginia Garc\u00eda, que ten\u00eda 35 a\u00f1os y era madre de dos hijos, falleci\u00f3 ayer. Hab\u00eda sido diagnosticada con c\u00e1ncer de c\u00e9rvix y pas\u00f3 por varias cirug\u00edas y largos tratamientos oncol\u00f3gicos. En diciembre de 2023, una junta m\u00e9dica la declar\u00f3 apta para tratarse con inmunoterapia.<\/p>\n\n\n\n<p>En aquel momento, sus amigas organizaron una gran campa\u00f1a solidaria para ayudarla en la adquisici\u00f3n de la costosa droga necesaria para tratarse. La movida en redes y medios se viraliz\u00f3 y Vicky recibi\u00f3 ayuda masiva, para poder continuar con las dosis requeridas. Fue una muestra de solidaridad y apoyo inmensa.<\/p>\n\n\n\n<p>Vicky Garc\u00eda fue un ejemplo de lucha y ganas de vivir. Su larga batalla contra el c\u00e1ncer no s\u00f3lo no pas\u00f3 desapercibida, sino que ser\u00e1 recordada y valorada por toda la comunidad, que tendr\u00e1 la tarea de contener a sus afectos en esta dolorosa p\u00e9rdida. Quienes hacemos Arroyito Online enviamos condolencias a sus hijos y todos sus seres queridos. Qu\u00e9 en paz descanses, Vicky.<\/p>\n\n\n\n<p><strong>\u00daltimo adi\u00f3s<\/strong><\/p>\n\n\n\n<p>El velatorio se est\u00e1 realizando en salas de AMA. Por su parte, el sepelio ser\u00e1 a las 17:30 horas, en el Cementerio de Arroyito, previo oficio religioso de cuerpo presente en la Parroquia Nuestra Se\u00f1ora de la Merced.<\/p>\n","protected":false},"excerpt":{"rendered":"<p>Ten\u00eda 35 a\u00f1os y padec\u00eda c\u00e1ncer de c\u00e9rvix. Era mam\u00e1 de dos hijos. Su lucha ser\u00e1 siempre recordada. Mar\u00eda Virginia&hellip;<\/p>\n","protected":false},"author":3,"featured_media":15874,"comment_status":"closed","ping_status":"open","sticky":false,"template":"","format":"standard","meta":{"footnotes":""},"categories":[6],"tags":[66,67,836,572],"class_list":["post-15873","post","type-post","status-publish","format-standard","has-post-thumbnail","hentry","category-interes-general","tag-arroyito","tag-arroyito-cordoba","tag-arroyito-online","tag-noticias-de-arroyito-y-zona"],"_links":{"self":[{"href":"https:\/\/arroyitoonline.com.ar\/index.php?rest_route=\/wp\/v2\/posts\/15873","targetHints":{"allow":["GET"]}}],"collection":[{"href":"https:\/\/arroyitoonline.com.ar\/index.php?rest_route=\/wp\/v2\/posts"}],"about":[{"href":"https:\/\/arroyitoonline.com.ar\/index.php?rest_route=\/wp\/v2\/types\/post"}],"author":[{"embeddable":true,"href":"https:\/\/arroyitoonline.com.ar\/index.php?rest_route=\/wp\/v2\/users\/3"}],"replies":[{"embeddable":true,"href":"https:\/\/arroyitoonline.com.ar\/index.php?rest_route=%2Fwp%2Fv2%2Fcomments&post=15873"}],"version-history":[{"count":2,"href":"https:\/\/arroyitoonline.com.ar\/index.php?rest_route=\/wp\/v2\/posts\/15873\/revisions"}],"predecessor-version":[{"id":15877,"href":"https:\/\/arroyitoonline.com.ar\/index.php?rest_route=\/wp\/v2\/posts\/15873\/revisions\/15877"}],"wp:featuredmedia":[{"embeddable":true,"href":"https:\/\/arroyitoonline.com.ar\/index.php?rest_route=\/wp\/v2\/media\/15874"}],"wp:attachment":[{"href":"https:\/\/arroyitoonline.com.ar\/index.php?rest_route=%2Fwp%2Fv2%2Fmedia&parent=15873"}],"wp:term":[{"taxonomy":"category","embeddable":true,"href":"https:\/\/arroyitoonline.com.ar\/index.php?rest_route=%2Fwp%2Fv2%2Fcategories&post=15873"},{"taxonomy":"post_tag","embeddable":true,"href":"https:\/\/arroyitoonline.com.ar\/index.php?rest_route=%2Fwp%2Fv2%2Ftags&post=15873"}],"curies":[{"name":"wp","href":"https:\/\/api.w.org\/{rel}","templated":true}]}}