{"id":15917,"date":"2024-08-22T19:16:24","date_gmt":"2024-08-22T19:16:24","guid":{"rendered":"https:\/\/arroyitoonline.com.ar\/?p=15917"},"modified":"2024-08-22T19:16:25","modified_gmt":"2024-08-22T19:16:25","slug":"detuvieron-a-daniel-almada-imputado-por-el-homicidio-de-un-joven-de-31-anos-oriundo-de-la-tordilla","status":"publish","type":"post","link":"https:\/\/arroyitoonline.com.ar\/?p=15917","title":{"rendered":"Detuvieron a Daniel Almada, imputado por el homicidio de un joven de 31 a\u00f1os oriundo de La Tordilla"},"content":{"rendered":"\n<p><strong>Fue aprehendido esta madrugada, en un domicilio de la ciudad de C\u00f3rdoba.<\/strong><\/p>\n\n\n\n<p>Esta madrugada, con participaci\u00f3n de la Divisi\u00f3n Homicidios y el Equipo de T\u00e1cticas Especiales Recomendable (ETER) de la Polic\u00eda de C\u00f3rdoba, detuvieron a Daniel Alberto Almada, en un domicilio de la capital provincial.<\/p>\n\n\n\n<p>La aprehensi\u00f3n se produjo tras un exhaustivo trabajo realizado por la direcci\u00f3n de Investigaciones Operativas de la Polic\u00eda Judicial de la Provincia de C\u00f3rdoba, con colaboraci\u00f3n de personal de la Divisi\u00f3n Investigaciones de la Comisar\u00eda de Arroyito bajo de la direcci\u00f3n de la Fiscal\u00eda de Instrucci\u00f3n local, a cargo de Graciela De Bernardi.<\/p>\n\n\n\n<p>Almada est\u00e1 imputado como supuesto autor del delito de homicidio calificado por alevos\u00eda agravado por el uso de arma de fuego, il\u00edcito que fue cometido el domingo 23 de junio en nuestra ciudad, en el cual se dio muerte a un hombre de 31 a\u00f1os oriundo de La Tordilla.<\/p>\n\n\n\n<p>El detenido se encontraba pr\u00f3fugo desde ese mismo d\u00eda cuando se orden\u00f3, de forma inmediata, su captura. En los pr\u00f3ximos d\u00edas se le receptar\u00e1 declaraci\u00f3n en car\u00e1cter de imputado, para luego de ello resolver su situaci\u00f3n procesal.<\/p>\n\n\n\n<p>En el marco de la causa hay otras tres personas detenidas, una de ellas en calidad de coautor de homicidio agravado y, las dos restantes, como supuestos autores del delito de encubrimiento agravado. Se contin\u00faa trabajando en la causa, la cual se encuentra en etapa de investigaci\u00f3n. <\/p>\n\n\n\n<p>Fuente: Fiscal\u00eda de Instrucci\u00f3n de Arroyito. <\/p>\n","protected":false},"excerpt":{"rendered":"<p>Fue aprehendido esta madrugada, en un domicilio de la ciudad de C\u00f3rdoba. Esta madrugada, con participaci\u00f3n de la Divisi\u00f3n Homicidios&hellip;<\/p>\n","protected":false},"author":3,"featured_media":15785,"comment_status":"closed","ping_status":"open","sticky":false,"template":"","format":"standard","meta":{"footnotes":""},"categories":[824],"tags":[66,67,836,1274,424,487,572,635,637,638,825],"class_list":["post-15917","post","type-post","status-publish","format-standard","has-post-thumbnail","hentry","category-policiales-online","tag-arroyito","tag-arroyito-cordoba","tag-arroyito-online","tag-fiscalia-de-instruccion","tag-homicidio","tag-la-tordilla","tag-noticias-de-arroyito-y-zona","tag-policia","tag-policiales","tag-policiales-arroyito","tag-policiales-online"],"_links":{"self":[{"href":"https:\/\/arroyitoonline.com.ar\/index.php?rest_route=\/wp\/v2\/posts\/15917","targetHints":{"allow":["GET"]}}],"collection":[{"href":"https:\/\/arroyitoonline.com.ar\/index.php?rest_route=\/wp\/v2\/posts"}],"about":[{"href":"https:\/\/arroyitoonline.com.ar\/index.php?rest_route=\/wp\/v2\/types\/post"}],"author":[{"embeddable":true,"href":"https:\/\/arroyitoonline.com.ar\/index.php?rest_route=\/wp\/v2\/users\/3"}],"replies":[{"embeddable":true,"href":"https:\/\/arroyitoonline.com.ar\/index.php?rest_route=%2Fwp%2Fv2%2Fcomments&post=15917"}],"version-history":[{"count":1,"href":"https:\/\/arroyitoonline.com.ar\/index.php?rest_route=\/wp\/v2\/posts\/15917\/revisions"}],"predecessor-version":[{"id":15918,"href":"https:\/\/arroyitoonline.com.ar\/index.php?rest_route=\/wp\/v2\/posts\/15917\/revisions\/15918"}],"wp:featuredmedia":[{"embeddable":true,"href":"https:\/\/arroyitoonline.com.ar\/index.php?rest_route=\/wp\/v2\/media\/15785"}],"wp:attachment":[{"href":"https:\/\/arroyitoonline.com.ar\/index.php?rest_route=%2Fwp%2Fv2%2Fmedia&parent=15917"}],"wp:term":[{"taxonomy":"category","embeddable":true,"href":"https:\/\/arroyitoonline.com.ar\/index.php?rest_route=%2Fwp%2Fv2%2Fcategories&post=15917"},{"taxonomy":"post_tag","embeddable":true,"href":"https:\/\/arroyitoonline.com.ar\/index.php?rest_route=%2Fwp%2Fv2%2Ftags&post=15917"}],"curies":[{"name":"wp","href":"https:\/\/api.w.org\/{rel}","templated":true}]}}