{"id":15940,"date":"2024-09-09T19:57:46","date_gmt":"2024-09-09T19:57:46","guid":{"rendered":"https:\/\/arroyitoonline.com.ar\/?p=15940"},"modified":"2024-09-09T20:25:25","modified_gmt":"2024-09-09T20:25:25","slug":"en-accidente-de-transito-perdio-la-vida-un-motociclista-de-24-anos","status":"publish","type":"post","link":"https:\/\/arroyitoonline.com.ar\/?p=15940","title":{"rendered":"En accidente de tr\u00e1nsito, perdi\u00f3 la vida un motociclista de 24 a\u00f1os"},"content":{"rendered":"\n<p><strong>El joven choc\u00f3 con un auto Renault 9 que llevaba un carro enganchado. <\/strong><\/p>\n\n\n\n<p>En horas de noche del viernes 6, se produjo un accidente de tr\u00e1nsito fatal, sobre la intersecci\u00f3n de la Av. Bernardi con la calle Sarmiento.<\/p>\n\n\n\n<p>Seg\u00fan lo inform\u00f3 la Comisar\u00eda de Distrito Arroyito, un Renault 9 que llevaba un carro enganchado y era conducido por un hombre de 27 a\u00f1os colision\u00f3 con una moto Bajaj Rouser 200, conducida por un joven de 24 a\u00f1os. Las causas todav\u00eda tratan de establecerse. <\/p>\n\n\n\n<p>A ra\u00edz del siniestro, el motociclista perdi\u00f3 la vida. Trabaj\u00f3 en el lugar, personal de Polic\u00eda Judicial. Interviene en la causa, la Fiscal\u00eda de Instrucci\u00f3n local.<\/p>\n\n\n\n<p>Fuente: prensa Comisar\u00eda de Arroyito. <\/p>\n","protected":false},"excerpt":{"rendered":"<p>El joven choc\u00f3 con un auto Renault 9 que llevaba un carro enganchado. En horas de noche del viernes 6,&hellip;<\/p>\n","protected":false},"author":3,"featured_media":15475,"comment_status":"closed","ping_status":"open","sticky":false,"template":"","format":"standard","meta":{"footnotes":""},"categories":[824],"tags":[22,66,67,836,547,572,635,637,638,825,737],"class_list":["post-15940","post","type-post","status-publish","format-standard","has-post-thumbnail","hentry","category-policiales-online","tag-accidente","tag-arroyito","tag-arroyito-cordoba","tag-arroyito-online","tag-motos","tag-noticias-de-arroyito-y-zona","tag-policia","tag-policiales","tag-policiales-arroyito","tag-policiales-online","tag-siniestro-vial"],"_links":{"self":[{"href":"https:\/\/arroyitoonline.com.ar\/index.php?rest_route=\/wp\/v2\/posts\/15940","targetHints":{"allow":["GET"]}}],"collection":[{"href":"https:\/\/arroyitoonline.com.ar\/index.php?rest_route=\/wp\/v2\/posts"}],"about":[{"href":"https:\/\/arroyitoonline.com.ar\/index.php?rest_route=\/wp\/v2\/types\/post"}],"author":[{"embeddable":true,"href":"https:\/\/arroyitoonline.com.ar\/index.php?rest_route=\/wp\/v2\/users\/3"}],"replies":[{"embeddable":true,"href":"https:\/\/arroyitoonline.com.ar\/index.php?rest_route=%2Fwp%2Fv2%2Fcomments&post=15940"}],"version-history":[{"count":1,"href":"https:\/\/arroyitoonline.com.ar\/index.php?rest_route=\/wp\/v2\/posts\/15940\/revisions"}],"predecessor-version":[{"id":15941,"href":"https:\/\/arroyitoonline.com.ar\/index.php?rest_route=\/wp\/v2\/posts\/15940\/revisions\/15941"}],"wp:featuredmedia":[{"embeddable":true,"href":"https:\/\/arroyitoonline.com.ar\/index.php?rest_route=\/wp\/v2\/media\/15475"}],"wp:attachment":[{"href":"https:\/\/arroyitoonline.com.ar\/index.php?rest_route=%2Fwp%2Fv2%2Fmedia&parent=15940"}],"wp:term":[{"taxonomy":"category","embeddable":true,"href":"https:\/\/arroyitoonline.com.ar\/index.php?rest_route=%2Fwp%2Fv2%2Fcategories&post=15940"},{"taxonomy":"post_tag","embeddable":true,"href":"https:\/\/arroyitoonline.com.ar\/index.php?rest_route=%2Fwp%2Fv2%2Ftags&post=15940"}],"curies":[{"name":"wp","href":"https:\/\/api.w.org\/{rel}","templated":true}]}}