{"id":15948,"date":"2024-09-20T21:53:33","date_gmt":"2024-09-20T21:53:33","guid":{"rendered":"https:\/\/arroyitoonline.com.ar\/?p=15948"},"modified":"2024-09-20T21:53:34","modified_gmt":"2024-09-20T21:53:34","slug":"conductor-perdio-el-control-de-su-camioneta-choco-una-antena-que-cayo-y-se-incendio","status":"publish","type":"post","link":"https:\/\/arroyitoonline.com.ar\/?p=15948","title":{"rendered":"Conductor perdi\u00f3 el control de su camioneta, choc\u00f3 una antena, que cay\u00f3 y se incendi\u00f3"},"content":{"rendered":"\n<p><strong>El joven de 30 a\u00f1os, aunque fue trasladado al hospital municipal, no sufri\u00f3 lesiones de consideraci\u00f3n.<\/strong><\/p>\n\n\n\n<p>En horas de la madrugada de hoy, sobre la esquina de las avenidas Caretto y Manuel Serra, el conductor de una camioneta Volkswagen Amarok de color gris perdi\u00f3 el control del rodado, dio varios tumbos e impact\u00f3 sobre los mojones de contenci\u00f3n de una antena perteneciente a la empresa Telecom. La colisi\u00f3n produjo la desestabilizaci\u00f3n de la antena, que cay\u00f3 al piso y se incendi\u00f3. <\/p>\n\n\n\n<p>Al lugar acudi\u00f3 el servicio de emergencias. Aunque el conductor de la camioneta, un joven de 30 a\u00f1os con domicilio en Arroyito, fue trasladado hacia el hospital municipal, no result\u00f3 con lesiones de consideraci\u00f3n.<\/p>\n\n\n\n<p>Trabajaron adem\u00e1s, Polic\u00eda, Bomberos Voluntarios, que sofocaron el fuego, y personal de la Cespal, para el corte de los suministros del sector.<\/p>\n\n\n\n<p>Fuente: Comisar\u00eda de Arroyito.<\/p>\n","protected":false},"excerpt":{"rendered":"<p>El joven de 30 a\u00f1os, aunque fue trasladado al hospital municipal, no sufri\u00f3 lesiones de consideraci\u00f3n. En horas de la&hellip;<\/p>\n","protected":false},"author":3,"featured_media":15949,"comment_status":"closed","ping_status":"open","sticky":false,"template":"","format":"standard","meta":{"footnotes":""},"categories":[824],"tags":[22,66,67,836,128,435,572,635,637,638,825,737],"class_list":["post-15948","post","type-post","status-publish","format-standard","has-post-thumbnail","hentry","category-policiales-online","tag-accidente","tag-arroyito","tag-arroyito-cordoba","tag-arroyito-online","tag-bomberos-de-arroyito","tag-incendio","tag-noticias-de-arroyito-y-zona","tag-policia","tag-policiales","tag-policiales-arroyito","tag-policiales-online","tag-siniestro-vial"],"_links":{"self":[{"href":"https:\/\/arroyitoonline.com.ar\/index.php?rest_route=\/wp\/v2\/posts\/15948","targetHints":{"allow":["GET"]}}],"collection":[{"href":"https:\/\/arroyitoonline.com.ar\/index.php?rest_route=\/wp\/v2\/posts"}],"about":[{"href":"https:\/\/arroyitoonline.com.ar\/index.php?rest_route=\/wp\/v2\/types\/post"}],"author":[{"embeddable":true,"href":"https:\/\/arroyitoonline.com.ar\/index.php?rest_route=\/wp\/v2\/users\/3"}],"replies":[{"embeddable":true,"href":"https:\/\/arroyitoonline.com.ar\/index.php?rest_route=%2Fwp%2Fv2%2Fcomments&post=15948"}],"version-history":[{"count":1,"href":"https:\/\/arroyitoonline.com.ar\/index.php?rest_route=\/wp\/v2\/posts\/15948\/revisions"}],"predecessor-version":[{"id":15950,"href":"https:\/\/arroyitoonline.com.ar\/index.php?rest_route=\/wp\/v2\/posts\/15948\/revisions\/15950"}],"wp:featuredmedia":[{"embeddable":true,"href":"https:\/\/arroyitoonline.com.ar\/index.php?rest_route=\/wp\/v2\/media\/15949"}],"wp:attachment":[{"href":"https:\/\/arroyitoonline.com.ar\/index.php?rest_route=%2Fwp%2Fv2%2Fmedia&parent=15948"}],"wp:term":[{"taxonomy":"category","embeddable":true,"href":"https:\/\/arroyitoonline.com.ar\/index.php?rest_route=%2Fwp%2Fv2%2Fcategories&post=15948"},{"taxonomy":"post_tag","embeddable":true,"href":"https:\/\/arroyitoonline.com.ar\/index.php?rest_route=%2Fwp%2Fv2%2Ftags&post=15948"}],"curies":[{"name":"wp","href":"https:\/\/api.w.org\/{rel}","templated":true}]}}