{"id":15986,"date":"2024-10-09T12:48:53","date_gmt":"2024-10-09T12:48:53","guid":{"rendered":"https:\/\/arroyitoonline.com.ar\/?p=15986"},"modified":"2024-10-09T12:49:38","modified_gmt":"2024-10-09T12:49:38","slug":"la-mejor-noticia-tras-122-dias-de-internacion-morena-ruiz-diaz-volvio-a-su-hogar","status":"publish","type":"post","link":"https:\/\/arroyitoonline.com.ar\/?p=15986","title":{"rendered":"La mejor noticia: tras 122 d\u00edas de internaci\u00f3n, Morena Ruiz D\u00edaz volvi\u00f3 a su hogar"},"content":{"rendered":"\n<p><strong>La nena de seis a\u00f1os habr\u00eda sufrido lesiones grav\u00edsimas en un accidente con el tren, en la localidad de Tr\u00e1nsito y permaneci\u00f3 internada en e Hospital de Ni\u00f1os de C\u00f3rdoba.<\/strong><\/p>\n\n\n\n<p>Morena Ruiz D\u00edaz, la nena de seis a\u00f1os que sufri\u00f3 <a href=\"https:\/\/arroyitoonline.com.ar\/transito-una-nena-de-seis-anos-fue-arrollada-por-un-tren-y-sufrio-lesiones-gravisimas\/\">un accidente en la localidad de Tr\u00e1nsito<\/a>, volvi\u00f3 a su hogar despu\u00e9s de permanecer internada durante 122 d\u00edas en el Hospital de Ni\u00f1os de C\u00f3rdoba.<\/p>\n\n\n\n<p>El accidente con el tren gener\u00f3 gran conmoci\u00f3n en la comunidad y su estado de salud fue reservado durante varios meses. A lo largo de su recuperaci\u00f3n, la familia de Morena cont\u00f3 con el apoyo de vecinos y amigos que los acompa\u00f1aron en este duro proceso.<\/p>\n\n\n\n<p>El regreso de Morena a su casa marca el fin de su internaci\u00f3n hospitalaria, aunque seguir\u00e1 con el tratamiento y la recuperaci\u00f3n en el hogar. La comunidad sigue acompa\u00f1ando a la familia en este momento.<\/p>\n\n\n\n<p>Fuente: Radio Cooperativa 91.3.<\/p>\n","protected":false},"excerpt":{"rendered":"<p>La nena de seis a\u00f1os habr\u00eda sufrido lesiones grav\u00edsimas en un accidente con el tren, en la localidad de Tr\u00e1nsito&hellip;<\/p>\n","protected":false},"author":3,"featured_media":15989,"comment_status":"closed","ping_status":"open","sticky":false,"template":"","format":"standard","meta":{"footnotes":""},"categories":[900],"tags":[22,66,67,836,572,638,825,1458],"class_list":["post-15986","post","type-post","status-publish","format-standard","has-post-thumbnail","hentry","category-noticias","tag-accidente","tag-arroyito","tag-arroyito-cordoba","tag-arroyito-online","tag-noticias-de-arroyito-y-zona","tag-policiales-arroyito","tag-policiales-online","tag-tren"],"_links":{"self":[{"href":"https:\/\/arroyitoonline.com.ar\/index.php?rest_route=\/wp\/v2\/posts\/15986","targetHints":{"allow":["GET"]}}],"collection":[{"href":"https:\/\/arroyitoonline.com.ar\/index.php?rest_route=\/wp\/v2\/posts"}],"about":[{"href":"https:\/\/arroyitoonline.com.ar\/index.php?rest_route=\/wp\/v2\/types\/post"}],"author":[{"embeddable":true,"href":"https:\/\/arroyitoonline.com.ar\/index.php?rest_route=\/wp\/v2\/users\/3"}],"replies":[{"embeddable":true,"href":"https:\/\/arroyitoonline.com.ar\/index.php?rest_route=%2Fwp%2Fv2%2Fcomments&post=15986"}],"version-history":[{"count":1,"href":"https:\/\/arroyitoonline.com.ar\/index.php?rest_route=\/wp\/v2\/posts\/15986\/revisions"}],"predecessor-version":[{"id":15988,"href":"https:\/\/arroyitoonline.com.ar\/index.php?rest_route=\/wp\/v2\/posts\/15986\/revisions\/15988"}],"wp:featuredmedia":[{"embeddable":true,"href":"https:\/\/arroyitoonline.com.ar\/index.php?rest_route=\/wp\/v2\/media\/15989"}],"wp:attachment":[{"href":"https:\/\/arroyitoonline.com.ar\/index.php?rest_route=%2Fwp%2Fv2%2Fmedia&parent=15986"}],"wp:term":[{"taxonomy":"category","embeddable":true,"href":"https:\/\/arroyitoonline.com.ar\/index.php?rest_route=%2Fwp%2Fv2%2Fcategories&post=15986"},{"taxonomy":"post_tag","embeddable":true,"href":"https:\/\/arroyitoonline.com.ar\/index.php?rest_route=%2Fwp%2Fv2%2Ftags&post=15986"}],"curies":[{"name":"wp","href":"https:\/\/api.w.org\/{rel}","templated":true}]}}