{"id":15992,"date":"2024-10-15T18:22:57","date_gmt":"2024-10-15T18:22:57","guid":{"rendered":"https:\/\/arroyitoonline.com.ar\/?p=15992"},"modified":"2024-10-15T18:22:58","modified_gmt":"2024-10-15T18:22:58","slug":"alumnos-de-la-escuela-proa-comenzaran-a-tener-clases-en-el-edificio-propio","status":"publish","type":"post","link":"https:\/\/arroyitoonline.com.ar\/?p=15992","title":{"rendered":"Alumnos de la Escuela ProA comenzar\u00e1n a tener clases en el edificio propio"},"content":{"rendered":"\n<p><strong>Aunque a\u00fan no est\u00e1 terminado, a partir de este mi\u00e9rcoles 16 de octubre, las actividades de la instituci\u00f3n se trasladar\u00e1n al inmueble en construcci\u00f3n.<\/strong><\/p>\n\n\n\n<p>A partir de este mi\u00e9rcoles 16 de octubre, todos los alumnos de la Escuela ProA de Arroyito comenzar\u00e1n a cursar en el edificio propio de la instituci\u00f3n, que todav\u00eda est\u00e1 en construcci\u00f3n.<\/p>\n\n\n\n<p>Los chicos de 1\u00ba, 2\u00ba, 3\u00ba, 4\u00ba, 5\u00ba y 6\u00ba a\u00f1os tomar\u00e1n clases presenciales en las aulas que, en los \u00faltimos d\u00edas, fueron equipadas con el mobiliario adquirido por el Gobierno de la Provincia de C\u00f3rdoba, cuyo transporte fue coordinado por el Municipio local. <\/p>\n\n\n\n<p>Los encargados de ultimar detalles para este inicio, en el marco del trabajo de obreros de la empresa constructora, fueron padres, madres, directora y docentes. Si bien se trata de un gran anhelo de toda la comunidad educativa, consultados por Arroyito Online, padres comentaron que continuar\u00e1n insistiendo ante las autoridades, para la culminaci\u00f3n del edificio. <\/p>\n","protected":false},"excerpt":{"rendered":"<p>Aunque a\u00fan no est\u00e1 terminado, a partir de este mi\u00e9rcoles 16 de octubre, las actividades de la instituci\u00f3n se trasladar\u00e1n&hellip;<\/p>\n","protected":false},"author":3,"featured_media":15993,"comment_status":"closed","ping_status":"open","sticky":false,"template":"","format":"standard","meta":{"footnotes":""},"categories":[830],"tags":[66,67,836,310,859,404,405,1102,572,578],"class_list":["post-15992","post","type-post","status-publish","format-standard","has-post-thumbnail","hentry","category-educacion-online","tag-arroyito","tag-arroyito-cordoba","tag-arroyito-online","tag-educacion","tag-escuela-proa","tag-gobierno-de-cordoba","tag-gobierno-de-la-provincia","tag-gobierno-municipal","tag-noticias-de-arroyito-y-zona","tag-obras-publicas"],"_links":{"self":[{"href":"https:\/\/arroyitoonline.com.ar\/index.php?rest_route=\/wp\/v2\/posts\/15992","targetHints":{"allow":["GET"]}}],"collection":[{"href":"https:\/\/arroyitoonline.com.ar\/index.php?rest_route=\/wp\/v2\/posts"}],"about":[{"href":"https:\/\/arroyitoonline.com.ar\/index.php?rest_route=\/wp\/v2\/types\/post"}],"author":[{"embeddable":true,"href":"https:\/\/arroyitoonline.com.ar\/index.php?rest_route=\/wp\/v2\/users\/3"}],"replies":[{"embeddable":true,"href":"https:\/\/arroyitoonline.com.ar\/index.php?rest_route=%2Fwp%2Fv2%2Fcomments&post=15992"}],"version-history":[{"count":1,"href":"https:\/\/arroyitoonline.com.ar\/index.php?rest_route=\/wp\/v2\/posts\/15992\/revisions"}],"predecessor-version":[{"id":15994,"href":"https:\/\/arroyitoonline.com.ar\/index.php?rest_route=\/wp\/v2\/posts\/15992\/revisions\/15994"}],"wp:featuredmedia":[{"embeddable":true,"href":"https:\/\/arroyitoonline.com.ar\/index.php?rest_route=\/wp\/v2\/media\/15993"}],"wp:attachment":[{"href":"https:\/\/arroyitoonline.com.ar\/index.php?rest_route=%2Fwp%2Fv2%2Fmedia&parent=15992"}],"wp:term":[{"taxonomy":"category","embeddable":true,"href":"https:\/\/arroyitoonline.com.ar\/index.php?rest_route=%2Fwp%2Fv2%2Fcategories&post=15992"},{"taxonomy":"post_tag","embeddable":true,"href":"https:\/\/arroyitoonline.com.ar\/index.php?rest_route=%2Fwp%2Fv2%2Ftags&post=15992"}],"curies":[{"name":"wp","href":"https:\/\/api.w.org\/{rel}","templated":true}]}}