{"id":16039,"date":"2024-12-30T12:33:17","date_gmt":"2024-12-30T12:33:17","guid":{"rendered":"https:\/\/arroyitoonline.com.ar\/?p=16039"},"modified":"2024-12-30T12:33:19","modified_gmt":"2024-12-30T12:33:19","slug":"el-tio-tres-personas-fallecieron-tras-el-choque-frontal-de-dos-camionetas","status":"publish","type":"post","link":"https:\/\/arroyitoonline.com.ar\/?p=16039","title":{"rendered":"El T\u00edo: tres personas fallecieron tras el choque frontal de dos camionetas"},"content":{"rendered":"\n<p><strong>Ocurri\u00f3 en el kil\u00f3metro 41 de la Ruta Provincial N\u00b0 3. Perdieron la vida los ocupantes de la Chevrolet S10, un hombre de 45 a\u00f1os y su hija menor, y el acompa\u00f1ante de la Toyota Hilux, un joven de 20 a\u00f1os.<\/strong><\/p>\n\n\n\n<p>En horas de la noche de este domingo, personal de la Subcomisar\u00eda de El T\u00edo tom\u00f3 intervenci\u00f3n en un accidente de tr\u00e1nsito ocurrido en el kil\u00f3metro 41 de la Ruta Provincial N\u00b0 3.<\/p>\n\n\n\n<p>El siniestro fue protagonizado por una camioneta Chevrolet S10 conducida por un hombre de 45 a\u00f1os, quien iba acompa\u00f1ado de una menor de edad, ambos domiciliados en la localidad de El Tio. La cual, por causas que se tratan de establecer, colision\u00f3 de manera frontal con una camioneta Toyota Hilux que era guiada por un joven de 19 a\u00f1os acompa\u00f1ado por otro de 20, ambos oriundos de la localidad de Villa Concepci\u00f3n del Tio.<\/p>\n\n\n\n<p>A ra\u00edz del choque, los ocupantes de la Chevrolet S10 perdieron la vida. Mientras que los dos jovenes que iban en la Hilux fueron trasladados al Hospital Municipal de Arroyito, donde falleci\u00f3 el chico de 20 a\u00f1os.<\/p>\n\n\n\n<p>Trabaja en el lugar personal de Polic\u00eda Judicial, personal de bomberos voluntarios de El Tio junto a personal policial. Tiene intervenci\u00f3n en la causa la Fiscal\u00eda de Instrucci\u00f3n de esta ciudad.<\/p>\n\n\n\n<p>Fuente: Prensa Comisar\u00eda de Distrito Arroyito.<\/p>\n","protected":false},"excerpt":{"rendered":"<p>Ocurri\u00f3 en el kil\u00f3metro 41 de la Ruta Provincial N\u00b0 3. Perdieron la vida los ocupantes de la Chevrolet S10,&hellip;<\/p>\n","protected":false},"author":3,"featured_media":16040,"comment_status":"closed","ping_status":"open","sticky":false,"template":"","format":"standard","meta":{"footnotes":""},"categories":[824],"tags":[22,66,67,836,316,572,635,637,825,803],"class_list":["post-16039","post","type-post","status-publish","format-standard","has-post-thumbnail","hentry","category-policiales-online","tag-accidente","tag-arroyito","tag-arroyito-cordoba","tag-arroyito-online","tag-el-tio","tag-noticias-de-arroyito-y-zona","tag-policia","tag-policiales","tag-policiales-online","tag-villa-concepcion-del-tio"],"_links":{"self":[{"href":"https:\/\/arroyitoonline.com.ar\/index.php?rest_route=\/wp\/v2\/posts\/16039","targetHints":{"allow":["GET"]}}],"collection":[{"href":"https:\/\/arroyitoonline.com.ar\/index.php?rest_route=\/wp\/v2\/posts"}],"about":[{"href":"https:\/\/arroyitoonline.com.ar\/index.php?rest_route=\/wp\/v2\/types\/post"}],"author":[{"embeddable":true,"href":"https:\/\/arroyitoonline.com.ar\/index.php?rest_route=\/wp\/v2\/users\/3"}],"replies":[{"embeddable":true,"href":"https:\/\/arroyitoonline.com.ar\/index.php?rest_route=%2Fwp%2Fv2%2Fcomments&post=16039"}],"version-history":[{"count":1,"href":"https:\/\/arroyitoonline.com.ar\/index.php?rest_route=\/wp\/v2\/posts\/16039\/revisions"}],"predecessor-version":[{"id":16041,"href":"https:\/\/arroyitoonline.com.ar\/index.php?rest_route=\/wp\/v2\/posts\/16039\/revisions\/16041"}],"wp:featuredmedia":[{"embeddable":true,"href":"https:\/\/arroyitoonline.com.ar\/index.php?rest_route=\/wp\/v2\/media\/16040"}],"wp:attachment":[{"href":"https:\/\/arroyitoonline.com.ar\/index.php?rest_route=%2Fwp%2Fv2%2Fmedia&parent=16039"}],"wp:term":[{"taxonomy":"category","embeddable":true,"href":"https:\/\/arroyitoonline.com.ar\/index.php?rest_route=%2Fwp%2Fv2%2Fcategories&post=16039"},{"taxonomy":"post_tag","embeddable":true,"href":"https:\/\/arroyitoonline.com.ar\/index.php?rest_route=%2Fwp%2Fv2%2Ftags&post=16039"}],"curies":[{"name":"wp","href":"https:\/\/api.w.org\/{rel}","templated":true}]}}