{"id":1606,"date":"2019-01-29T17:37:13","date_gmt":"2019-01-29T17:37:13","guid":{"rendered":"http:\/\/arroyitoonline.com.ar\/?p=1606"},"modified":"2019-01-29T17:38:00","modified_gmt":"2019-01-29T17:38:00","slug":"sortearan-26-viviendas-municipales","status":"publish","type":"post","link":"https:\/\/arroyitoonline.com.ar\/?p=1606","title":{"rendered":"Sortear\u00e1n 26 viviendas municipales"},"content":{"rendered":"\n<p><strong>El intendente Mauricio Cravero llegar\u00e1 a la construcci\u00f3n, sorteo y posterior entrega de la casa N\u00ba 307, en 85 meses de gesti\u00f3n. <\/strong><\/p>\n\n\n\n<p>El martes 5 de febrero a las\n20:00 horas, en el Teatrillo Municipal Jos\u00e9 Francisco Guarch, se sortear\u00e1n 26\nviviendas municipales, ante la presencia de escribana p\u00fablica. Son 16 unidades\nhabitacionales del Plan Casa y 10 inmuebles del Plan Casa Social.<\/p>\n\n\n\n<p>El padr\u00f3n definitivo lo\nintegrar\u00e1n los adherentes que est\u00e9n al d\u00eda con la cuota de noviembre de 2018, con\ncierre del padr\u00f3n el viernes 25 de enero de 2019 inclusive; seg\u00fan Ordenanzas\n1460\/2010 (Plan Casa) y 1461\/2010 (Plan Casa Social).&nbsp;<\/p>\n\n\n\n<p>Adem\u00e1s, desde el municipio recuerdan que los padrones para consulta y\/o control est\u00e1n disponibles desde el mi\u00e9rcoles 30 de enero de 2019, a partir de las 11:00 horas, en la oficina de Viviendas \u2013Gral. Paz 939-.\u00a0 <\/p>\n\n\n\n<p>Fuente: Prensa Municipal. <\/p>\n","protected":false},"excerpt":{"rendered":"<p>El intendente Mauricio Cravero llegar\u00e1 a la construcci\u00f3n, sorteo y posterior entrega de la casa N\u00ba 307, en 85 meses&hellip;<\/p>\n","protected":false},"author":3,"featured_media":1607,"comment_status":"closed","ping_status":"open","sticky":false,"template":"","format":"standard","meta":{"footnotes":""},"categories":[829],"tags":[66,67,253,527,555,556,624,625,813],"class_list":["post-1606","post","type-post","status-publish","format-standard","has-post-thumbnail","hentry","category-municipales-online","tag-arroyito","tag-arroyito-cordoba","tag-cravero","tag-mauricio-cravero","tag-municipalidad","tag-municipalidad-de-arroyito","tag-plan-casa","tag-plan-casa-social","tag-viviendas"],"_links":{"self":[{"href":"https:\/\/arroyitoonline.com.ar\/index.php?rest_route=\/wp\/v2\/posts\/1606","targetHints":{"allow":["GET"]}}],"collection":[{"href":"https:\/\/arroyitoonline.com.ar\/index.php?rest_route=\/wp\/v2\/posts"}],"about":[{"href":"https:\/\/arroyitoonline.com.ar\/index.php?rest_route=\/wp\/v2\/types\/post"}],"author":[{"embeddable":true,"href":"https:\/\/arroyitoonline.com.ar\/index.php?rest_route=\/wp\/v2\/users\/3"}],"replies":[{"embeddable":true,"href":"https:\/\/arroyitoonline.com.ar\/index.php?rest_route=%2Fwp%2Fv2%2Fcomments&post=1606"}],"version-history":[{"count":3,"href":"https:\/\/arroyitoonline.com.ar\/index.php?rest_route=\/wp\/v2\/posts\/1606\/revisions"}],"predecessor-version":[{"id":1610,"href":"https:\/\/arroyitoonline.com.ar\/index.php?rest_route=\/wp\/v2\/posts\/1606\/revisions\/1610"}],"wp:featuredmedia":[{"embeddable":true,"href":"https:\/\/arroyitoonline.com.ar\/index.php?rest_route=\/wp\/v2\/media\/1607"}],"wp:attachment":[{"href":"https:\/\/arroyitoonline.com.ar\/index.php?rest_route=%2Fwp%2Fv2%2Fmedia&parent=1606"}],"wp:term":[{"taxonomy":"category","embeddable":true,"href":"https:\/\/arroyitoonline.com.ar\/index.php?rest_route=%2Fwp%2Fv2%2Fcategories&post=1606"},{"taxonomy":"post_tag","embeddable":true,"href":"https:\/\/arroyitoonline.com.ar\/index.php?rest_route=%2Fwp%2Fv2%2Ftags&post=1606"}],"curies":[{"name":"wp","href":"https:\/\/api.w.org\/{rel}","templated":true}]}}