{"id":16074,"date":"2025-01-23T13:11:10","date_gmt":"2025-01-23T13:11:10","guid":{"rendered":"https:\/\/arroyitoonline.com.ar\/?p=16074"},"modified":"2025-01-27T13:19:24","modified_gmt":"2025-01-27T13:19:24","slug":"arroyito-fpa-detuvo-a-un-hombre-que-intento-fugarse-y-descartar-cocaina","status":"publish","type":"post","link":"https:\/\/arroyitoonline.com.ar\/?p=16074","title":{"rendered":"Arroyito: FPA detuvo a un hombre que intent\u00f3 fugarse y descartar coca\u00edna"},"content":{"rendered":"\n<p><strong>El operativo se desarroll\u00f3 en la intersecci\u00f3n de las calles Avellaneda y Jos\u00e9 Quintela, en el barrio IPV.<\/strong><\/p>\n\n\n\n<p>Dotaciones de la Compa\u00f1\u00eda de Intervenciones Especiales de la FPA, durante un patrullaje ordenado por el Ministerio P\u00fablico Fiscal, lograron la detenci\u00f3n de un hombre y el secuestro de drogas il\u00edcitas en Arroyito.<\/p>\n\n\n\n<p>El operativo se desarroll\u00f3 en la intersecci\u00f3n de las calles Avellaneda y Jos\u00e9 Quintela, en el barrio IPV, del sector sur. All\u00ed, los efectivos controlaron a tres sujetos de 20, 29 y 33 a\u00f1os que se encontraban en la v\u00eda p\u00fablica.<\/p>\n\n\n\n<p>Uno de ellos intent\u00f3 huir al percatarse de la presencia de las autoridades, pero fue detenido a 100 metros del lugar. Antes de ser aprehendido, el individuo lanz\u00f3 varios objetos hacia el interior de una vivienda. Tras entrevistarse con el propietario del inmueble, este permiti\u00f3 el ingreso de los efectivos, quienes secuestraron varias dosis de coca\u00edna y dinero.<\/p>\n\n\n\n<p>La Fiscal\u00eda de Lucha contra el Narcotr\u00e1fico de Feria, dispuso el secuestro de la sustancia y el dinero, la remisi\u00f3n del procedimiento a la Unidad Judicial de Arroyito y la identificaci\u00f3n de los hombres de 20 y 33 a\u00f1os. Por otro lado, se orden\u00f3 la aprehensi\u00f3n del individuo de 29 a\u00f1os, por infracci\u00f3n a la Ley 23.737 y resistencia a la autoridad.<\/p>\n\n\n\n<p>Fuente: <a href=\"https:\/\/www.mpfcordoba.gob.ar\/\">https:\/\/www.mpfcordoba.gob.ar\/<\/a><\/p>\n","protected":false},"excerpt":{"rendered":"<p>El operativo se desarroll\u00f3 en la intersecci\u00f3n de las calles Avellaneda y Jos\u00e9 Quintela, en el barrio IPV. Dotaciones de&hellip;<\/p>\n","protected":false},"author":3,"featured_media":16075,"comment_status":"closed","ping_status":"open","sticky":false,"template":"","format":"standard","meta":{"footnotes":""},"categories":[824],"tags":[66,67,836,303,386,572,635,637,638,825],"class_list":["post-16074","post","type-post","status-publish","format-standard","has-post-thumbnail","hentry","category-policiales-online","tag-arroyito","tag-arroyito-cordoba","tag-arroyito-online","tag-drogas","tag-fpa","tag-noticias-de-arroyito-y-zona","tag-policia","tag-policiales","tag-policiales-arroyito","tag-policiales-online"],"_links":{"self":[{"href":"https:\/\/arroyitoonline.com.ar\/index.php?rest_route=\/wp\/v2\/posts\/16074","targetHints":{"allow":["GET"]}}],"collection":[{"href":"https:\/\/arroyitoonline.com.ar\/index.php?rest_route=\/wp\/v2\/posts"}],"about":[{"href":"https:\/\/arroyitoonline.com.ar\/index.php?rest_route=\/wp\/v2\/types\/post"}],"author":[{"embeddable":true,"href":"https:\/\/arroyitoonline.com.ar\/index.php?rest_route=\/wp\/v2\/users\/3"}],"replies":[{"embeddable":true,"href":"https:\/\/arroyitoonline.com.ar\/index.php?rest_route=%2Fwp%2Fv2%2Fcomments&post=16074"}],"version-history":[{"count":1,"href":"https:\/\/arroyitoonline.com.ar\/index.php?rest_route=\/wp\/v2\/posts\/16074\/revisions"}],"predecessor-version":[{"id":16076,"href":"https:\/\/arroyitoonline.com.ar\/index.php?rest_route=\/wp\/v2\/posts\/16074\/revisions\/16076"}],"wp:featuredmedia":[{"embeddable":true,"href":"https:\/\/arroyitoonline.com.ar\/index.php?rest_route=\/wp\/v2\/media\/16075"}],"wp:attachment":[{"href":"https:\/\/arroyitoonline.com.ar\/index.php?rest_route=%2Fwp%2Fv2%2Fmedia&parent=16074"}],"wp:term":[{"taxonomy":"category","embeddable":true,"href":"https:\/\/arroyitoonline.com.ar\/index.php?rest_route=%2Fwp%2Fv2%2Fcategories&post=16074"},{"taxonomy":"post_tag","embeddable":true,"href":"https:\/\/arroyitoonline.com.ar\/index.php?rest_route=%2Fwp%2Fv2%2Ftags&post=16074"}],"curies":[{"name":"wp","href":"https:\/\/api.w.org\/{rel}","templated":true}]}}