{"id":16081,"date":"2025-01-27T19:04:18","date_gmt":"2025-01-27T19:04:18","guid":{"rendered":"https:\/\/arroyitoonline.com.ar\/?p=16081"},"modified":"2025-01-27T19:04:19","modified_gmt":"2025-01-27T19:04:19","slug":"vida-sobre-vida-despidio-a-maria-ofelia-novara-de-vieyra-una-de-sus-fundadoras","status":"publish","type":"post","link":"https:\/\/arroyitoonline.com.ar\/?p=16081","title":{"rendered":"Vida Sobre Vida despidi\u00f3 a Mar\u00eda Ofelia Novara de Vieyra, una de sus fundadoras"},"content":{"rendered":"\n<p><strong>Ten\u00eda 74 a\u00f1os y fue homenajeada por la ONG, que envi\u00f3 sinceras condolencias a sus seres queridos. <\/strong><\/p>\n\n\n\n<p>El viernes 24 de enero falleci\u00f3 Mar\u00eda Ofelia Novara de Vieyra, a los 74 a\u00f1os, una de las fundadoras y pioneras de la Asociaci\u00f3n Civil Vida Sobre Vida. Desde la ONG, la despidieron &#8220;con profundo pesar&#8221;. A trav\u00e9s de un comunicado en las redes sociales expresaron que<em> &#8220;su entrega desinteresada al servicio, su amor por la vida y su esp\u00edritu incansable dejaron una huella imborrable en cada uno de las personas que la conocieron&#8221;<\/em>.<\/p>\n\n\n\n<p>Y agregaron: <em>&#8220;su legado vive en cada acto de generosidad, en cada vida tocada por su dedicaci\u00f3n y en cada paso que continuamos dando, en el camino que ella ayud\u00f3 a trazar&#8221;<\/em>.<\/p>\n\n\n\n<p>Desde Vida Sobre Vida tambi\u00e9n enviaron <em>&#8220;sinceras condolencias a su familia, amigos y a todos los que formamos parte de esta gran comunidad. Recordemos su luz y honremos su memoria siguiendo su ejemplo. Que su alma descanse en\u00a0paz&#8221;<\/em>. <\/p>\n","protected":false},"excerpt":{"rendered":"<p>Ten\u00eda 74 a\u00f1os y fue homenajeada por la ONG, que envi\u00f3 sinceras condolencias a sus seres queridos. El viernes 24&hellip;<\/p>\n","protected":false},"author":3,"featured_media":16082,"comment_status":"closed","ping_status":"open","sticky":false,"template":"","format":"standard","meta":{"footnotes":""},"categories":[6],"tags":[66,67,836,1460,572,799],"class_list":["post-16081","post","type-post","status-publish","format-standard","has-post-thumbnail","hentry","category-interes-general","tag-arroyito","tag-arroyito-cordoba","tag-arroyito-online","tag-interes-general-online","tag-noticias-de-arroyito-y-zona","tag-vida-sobre-vida"],"_links":{"self":[{"href":"https:\/\/arroyitoonline.com.ar\/index.php?rest_route=\/wp\/v2\/posts\/16081","targetHints":{"allow":["GET"]}}],"collection":[{"href":"https:\/\/arroyitoonline.com.ar\/index.php?rest_route=\/wp\/v2\/posts"}],"about":[{"href":"https:\/\/arroyitoonline.com.ar\/index.php?rest_route=\/wp\/v2\/types\/post"}],"author":[{"embeddable":true,"href":"https:\/\/arroyitoonline.com.ar\/index.php?rest_route=\/wp\/v2\/users\/3"}],"replies":[{"embeddable":true,"href":"https:\/\/arroyitoonline.com.ar\/index.php?rest_route=%2Fwp%2Fv2%2Fcomments&post=16081"}],"version-history":[{"count":1,"href":"https:\/\/arroyitoonline.com.ar\/index.php?rest_route=\/wp\/v2\/posts\/16081\/revisions"}],"predecessor-version":[{"id":16083,"href":"https:\/\/arroyitoonline.com.ar\/index.php?rest_route=\/wp\/v2\/posts\/16081\/revisions\/16083"}],"wp:featuredmedia":[{"embeddable":true,"href":"https:\/\/arroyitoonline.com.ar\/index.php?rest_route=\/wp\/v2\/media\/16082"}],"wp:attachment":[{"href":"https:\/\/arroyitoonline.com.ar\/index.php?rest_route=%2Fwp%2Fv2%2Fmedia&parent=16081"}],"wp:term":[{"taxonomy":"category","embeddable":true,"href":"https:\/\/arroyitoonline.com.ar\/index.php?rest_route=%2Fwp%2Fv2%2Fcategories&post=16081"},{"taxonomy":"post_tag","embeddable":true,"href":"https:\/\/arroyitoonline.com.ar\/index.php?rest_route=%2Fwp%2Fv2%2Ftags&post=16081"}],"curies":[{"name":"wp","href":"https:\/\/api.w.org\/{rel}","templated":true}]}}