{"id":16089,"date":"2025-02-17T21:18:48","date_gmt":"2025-02-17T21:18:48","guid":{"rendered":"https:\/\/arroyitoonline.com.ar\/?p=16089"},"modified":"2025-02-17T21:18:49","modified_gmt":"2025-02-17T21:18:49","slug":"con-profundo-pesar-el-capu-de-la-tordilla-despidio-al-joven-teo-stola","status":"publish","type":"post","link":"https:\/\/arroyitoonline.com.ar\/?p=16089","title":{"rendered":"Con profundo pesar, el CAPU de La Tordilla despidi\u00f3 al joven Teo Stola"},"content":{"rendered":"\n<p><strong>Ten\u00eda 14 a\u00f1os y falleci\u00f3 este domingo. Tambi\u00e9n la intendenta Claudia Bordoni envi\u00f3 condolencias. <\/strong><\/p>\n\n\n\n<p>A trav\u00e9s de un mensaje publicado en sus redes sociales, el Club Atl\u00e9tico Pueblos Unidos de La Tordilla despidi\u00f3 al joven Teo Benjam\u00edn Stola, quien falleci\u00f3 este domingo, a los 14 a\u00f1os.<\/p>\n\n\n\n<p><em>&#8220;Hasta siempre, campe\u00f3n&#8221;<\/em>, expresaron desde la instituci\u00f3n deportiva y le agradecieron <em>&#8220;por defender siempre los colores de tu amado club. Te vamos a recordar siempre por la buena persona que eras. Muchas fuerzas a la familia y compa\u00f1eros&#8221;<\/em>.<\/p>\n\n\n\n<p>Quienes hacemos Arroyito Online tambi\u00e9n enviamos condolencias a sus seres queridos.<\/p>\n","protected":false},"excerpt":{"rendered":"<p>Ten\u00eda 14 a\u00f1os y falleci\u00f3 este domingo. Tambi\u00e9n la intendenta Claudia Bordoni envi\u00f3 condolencias. A trav\u00e9s de un mensaje publicado&hellip;<\/p>\n","protected":false},"author":3,"featured_media":16090,"comment_status":"closed","ping_status":"open","sticky":false,"template":"","format":"standard","meta":{"footnotes":""},"categories":[900],"tags":[66,67,836,1465,852,875,487,548,572],"class_list":["post-16089","post","type-post","status-publish","format-standard","has-post-thumbnail","hentry","category-noticias","tag-arroyito","tag-arroyito-cordoba","tag-arroyito-online","tag-club-atletico-pueblos-unidos","tag-futbol-2","tag-jovenes-2","tag-la-tordilla","tag-muerte","tag-noticias-de-arroyito-y-zona"],"_links":{"self":[{"href":"https:\/\/arroyitoonline.com.ar\/index.php?rest_route=\/wp\/v2\/posts\/16089","targetHints":{"allow":["GET"]}}],"collection":[{"href":"https:\/\/arroyitoonline.com.ar\/index.php?rest_route=\/wp\/v2\/posts"}],"about":[{"href":"https:\/\/arroyitoonline.com.ar\/index.php?rest_route=\/wp\/v2\/types\/post"}],"author":[{"embeddable":true,"href":"https:\/\/arroyitoonline.com.ar\/index.php?rest_route=\/wp\/v2\/users\/3"}],"replies":[{"embeddable":true,"href":"https:\/\/arroyitoonline.com.ar\/index.php?rest_route=%2Fwp%2Fv2%2Fcomments&post=16089"}],"version-history":[{"count":1,"href":"https:\/\/arroyitoonline.com.ar\/index.php?rest_route=\/wp\/v2\/posts\/16089\/revisions"}],"predecessor-version":[{"id":16091,"href":"https:\/\/arroyitoonline.com.ar\/index.php?rest_route=\/wp\/v2\/posts\/16089\/revisions\/16091"}],"wp:featuredmedia":[{"embeddable":true,"href":"https:\/\/arroyitoonline.com.ar\/index.php?rest_route=\/wp\/v2\/media\/16090"}],"wp:attachment":[{"href":"https:\/\/arroyitoonline.com.ar\/index.php?rest_route=%2Fwp%2Fv2%2Fmedia&parent=16089"}],"wp:term":[{"taxonomy":"category","embeddable":true,"href":"https:\/\/arroyitoonline.com.ar\/index.php?rest_route=%2Fwp%2Fv2%2Fcategories&post=16089"},{"taxonomy":"post_tag","embeddable":true,"href":"https:\/\/arroyitoonline.com.ar\/index.php?rest_route=%2Fwp%2Fv2%2Ftags&post=16089"}],"curies":[{"name":"wp","href":"https:\/\/api.w.org\/{rel}","templated":true}]}}