{"id":1611,"date":"2019-01-22T18:02:27","date_gmt":"2019-01-22T18:02:27","guid":{"rendered":"http:\/\/arroyitoonline.com.ar\/?p=1611"},"modified":"2019-01-29T18:16:18","modified_gmt":"2019-01-29T18:16:18","slug":"seguridad-para-el-sur-inauguraron-la-base-operativa-del-sector","status":"publish","type":"post","link":"https:\/\/arroyitoonline.com.ar\/?p=1611","title":{"rendered":"Seguridad para el sur: inauguraron la Base Operativa del sector"},"content":{"rendered":"\n<p><strong>Estuvo el ministro provincial de Gobierno y Seguridad Carlos Massei,\nque tambi\u00e9n entreg\u00f3 dos m\u00f3viles 0 Km. <\/strong><\/p>\n\n\n\n<p>Esta ma\u00f1ana se dej\u00f3 inaugurada la\nBase Operativa del sector sur de Arroyito. Encabez\u00f3 el acto el ministro de\nGobierno y Seguridad provincial Carlos Massei, acompa\u00f1ador por el intendente Mauricio\nCravero. &nbsp;<\/p>\n\n\n\n<p>Para su puesta en marcha, el\nmunicipio cedi\u00f3 el inmueble en comodato al gobierno de la Provincia de C\u00f3rdoba,\nen lo que result\u00f3 una inversi\u00f3n conjunta. <\/p>\n\n\n\n<p>En el acto tambi\u00e9n estuvieron el secretario\nde de Seguridad Alfonso Mosquera, el secretario de Comunicaci\u00f3n y Conectividad\nManuel Calvo, el Jefe de Polic\u00eda Crio. General Gustavo Marcelo V\u00e9lez, el subjefe\nCrio. Gustavo Folli Pedetta, el director General Departamental Norte Crio.\nMayor Luis Enrique L\u00f3pez, y el jefe de la Departamental San Justo Crio. Mayor\nH\u00e9ctor \u00c1ngel Rold\u00e1n, el jefe de Zona Crio. Pablo Berardo, la esposa del primer\nmandatario local Mar\u00eda Laura Garc\u00eda, la viceintendente Graciela Tristany, el secretario\nde Obras P\u00fablicas Daniel Lafarina,&nbsp; la secretaria\nPrivada Marcela Ferreyra, el secretario de Gobierno Ignacio Cabello, La directora\ndel Hospital M\u00f3nica Rodr\u00edguez, dem\u00e1s funcionarios y coordinadores de \u00e1reas,\nintegrantes de instituciones intermedias y p\u00fablico en general. <\/p>\n\n\n\n<p>En primer t\u00e9rmino se entonaron\nlas estrofas del Himno Nacional Argentino a cargo de un ensamble de la Banda de\nM\u00fasica Municipal dirigida por Gerardo Lemos. Despu\u00e9s Lafarina explic\u00f3 detalles\nt\u00e9cnicos de la obra. &nbsp;<\/p>\n\n\n\n<p>Por su parte Cravero hizo entrega\na Massei, del Decreto de declaraci\u00f3n de Hu\u00e9sped de Honor. A continuaci\u00f3n, los\ndos firmaron el comodato por el inmueble. M\u00e1s tarde, el vicario parroquial,\npresb\u00edtero Marcelo Cereda, bendijo el lugar. <\/p>\n\n\n\n<p>Otros oradores fueron el Dir.\nGral. Departamental Norte Crio. Luis L\u00f3pez y el exlegislador Manuel Calvo.<\/p>\n\n\n\n<p>Los discursos principales estuvieron\na cargo de Cravero y Massei, coincidiendo ambos en remarcar \u201cla importancia\nfundamental de la puesta en marcha de esta Base operativa en el querido sector\nSur de Arroyito\u201d, destacando \u201cla gran labor del \u00e1rea de Obras P\u00fablicas\u201d y agradeciendo\nla presencia de personal policial, medios de comunicaci\u00f3n y vecinos. &nbsp;<\/p>\n\n\n\n<p>Despu\u00e9s, autoridades provinciales\nhicieron entrega al intendente, de las llaves de una Unidad 0 Km Volkswagen\nGolf para el uso de la Seguridad Vial Ciudadana y de un Fiat 0 Km para su uso como\nm\u00f3vil policial exclusivo de esa Base. <\/p>\n\n\n\n<p>Antes de la finalizaci\u00f3n del acto, se descubri\u00f3 una placa recordatoria y se realiz\u00f3 el corte de cinta dejando inaugurada la obra, de manera formal.  <\/p>\n\n\n\n<p>Fuente: Prensa Municipal.<\/p>\n","protected":false},"excerpt":{"rendered":"<p>Estuvo el ministro provincial de Gobierno y Seguridad Carlos Massei, que tambi\u00e9n entreg\u00f3 dos m\u00f3viles 0 Km. Esta ma\u00f1ana se&hellip;<\/p>\n","protected":false},"author":3,"featured_media":1612,"comment_status":"closed","ping_status":"open","sticky":false,"template":"","format":"standard","meta":{"footnotes":""},"categories":[824],"tags":[66,67,253,404,405,454,527,555,556,635,637,638,825],"class_list":["post-1611","post","type-post","status-publish","format-standard","has-post-thumbnail","hentry","category-policiales-online","tag-arroyito","tag-arroyito-cordoba","tag-cravero","tag-gobierno-de-cordoba","tag-gobierno-de-la-provincia","tag-intendente","tag-mauricio-cravero","tag-municipalidad","tag-municipalidad-de-arroyito","tag-policia","tag-policiales","tag-policiales-arroyito","tag-policiales-online"],"_links":{"self":[{"href":"https:\/\/arroyitoonline.com.ar\/index.php?rest_route=\/wp\/v2\/posts\/1611","targetHints":{"allow":["GET"]}}],"collection":[{"href":"https:\/\/arroyitoonline.com.ar\/index.php?rest_route=\/wp\/v2\/posts"}],"about":[{"href":"https:\/\/arroyitoonline.com.ar\/index.php?rest_route=\/wp\/v2\/types\/post"}],"author":[{"embeddable":true,"href":"https:\/\/arroyitoonline.com.ar\/index.php?rest_route=\/wp\/v2\/users\/3"}],"replies":[{"embeddable":true,"href":"https:\/\/arroyitoonline.com.ar\/index.php?rest_route=%2Fwp%2Fv2%2Fcomments&post=1611"}],"version-history":[{"count":1,"href":"https:\/\/arroyitoonline.com.ar\/index.php?rest_route=\/wp\/v2\/posts\/1611\/revisions"}],"predecessor-version":[{"id":1613,"href":"https:\/\/arroyitoonline.com.ar\/index.php?rest_route=\/wp\/v2\/posts\/1611\/revisions\/1613"}],"wp:featuredmedia":[{"embeddable":true,"href":"https:\/\/arroyitoonline.com.ar\/index.php?rest_route=\/wp\/v2\/media\/1612"}],"wp:attachment":[{"href":"https:\/\/arroyitoonline.com.ar\/index.php?rest_route=%2Fwp%2Fv2%2Fmedia&parent=1611"}],"wp:term":[{"taxonomy":"category","embeddable":true,"href":"https:\/\/arroyitoonline.com.ar\/index.php?rest_route=%2Fwp%2Fv2%2Fcategories&post=1611"},{"taxonomy":"post_tag","embeddable":true,"href":"https:\/\/arroyitoonline.com.ar\/index.php?rest_route=%2Fwp%2Fv2%2Ftags&post=1611"}],"curies":[{"name":"wp","href":"https:\/\/api.w.org\/{rel}","templated":true}]}}