{"id":1617,"date":"2019-01-30T01:13:55","date_gmt":"2019-01-30T01:13:55","guid":{"rendered":"http:\/\/arroyitoonline.com.ar\/?p=1617"},"modified":"2019-01-30T01:13:55","modified_gmt":"2019-01-30T01:13:55","slug":"la-escuela-jose-maria-paz-cumple-150-anos-y-lo-celebra-con-obras","status":"publish","type":"post","link":"https:\/\/arroyitoonline.com.ar\/?p=1617","title":{"rendered":"La Escuela Jos\u00e9 Mar\u00eda Paz cumple 150 a\u00f1os y lo celebra con obras"},"content":{"rendered":"\n<p><strong>A trav\u00e9s del Fodemep, el\nMunicipio refacciona el establecimiento educativo, dot\u00e1ndolo de mayor seguridad\nel\u00e9ctrica. <\/strong><\/p>\n\n\n\n<p>A trav\u00e9s del convenio de\ndescentralizaci\u00f3n Fodemep, el Municipio se encuentra realizando tareas de\nrefacciones en la Escuela Jos\u00e9 Mar\u00eda Paz, en el marco de su 150\u00ba Aniversario. <\/p>\n\n\n\n<p>En estos momentos trabajan en la\nmodificaci\u00f3n de los solados (revestimiento de un piso) en la explanada de la\nescuela. Luego continuar\u00e1n con los trabajos&nbsp; de restauraci\u00f3n y pintura de\nla fachada principal.&nbsp;<\/p>\n\n\n\n<p>Mientras tanto se desarrollaron\ntareas de mantenimiento de las instalaciones, para la dotaci\u00f3n de una mayor seguridad\nel\u00e9ctrica y adem\u00e1s est\u00e1 previsto que se contin\u00fae con otra ala del\nedificio.&nbsp;<\/p>\n\n\n\n<p>Fuente: Prensa Municipal.<\/p>\n","protected":false},"excerpt":{"rendered":"<p>A trav\u00e9s del Fodemep, el Municipio refacciona el establecimiento educativo, dot\u00e1ndolo de mayor seguridad el\u00e9ctrica. A trav\u00e9s del convenio de&hellip;<\/p>\n","protected":false},"author":3,"featured_media":1618,"comment_status":"closed","ping_status":"open","sticky":false,"template":"","format":"standard","meta":{"footnotes":""},"categories":[830,829],"tags":[66,67,339,345,555,556,572],"class_list":["post-1617","post","type-post","status-publish","format-standard","has-post-thumbnail","hentry","category-educacion-online","category-municipales-online","tag-arroyito","tag-arroyito-cordoba","tag-escuela","tag-escuela-jose-maria-paz","tag-municipalidad","tag-municipalidad-de-arroyito","tag-noticias-de-arroyito-y-zona"],"_links":{"self":[{"href":"https:\/\/arroyitoonline.com.ar\/index.php?rest_route=\/wp\/v2\/posts\/1617","targetHints":{"allow":["GET"]}}],"collection":[{"href":"https:\/\/arroyitoonline.com.ar\/index.php?rest_route=\/wp\/v2\/posts"}],"about":[{"href":"https:\/\/arroyitoonline.com.ar\/index.php?rest_route=\/wp\/v2\/types\/post"}],"author":[{"embeddable":true,"href":"https:\/\/arroyitoonline.com.ar\/index.php?rest_route=\/wp\/v2\/users\/3"}],"replies":[{"embeddable":true,"href":"https:\/\/arroyitoonline.com.ar\/index.php?rest_route=%2Fwp%2Fv2%2Fcomments&post=1617"}],"version-history":[{"count":1,"href":"https:\/\/arroyitoonline.com.ar\/index.php?rest_route=\/wp\/v2\/posts\/1617\/revisions"}],"predecessor-version":[{"id":1619,"href":"https:\/\/arroyitoonline.com.ar\/index.php?rest_route=\/wp\/v2\/posts\/1617\/revisions\/1619"}],"wp:featuredmedia":[{"embeddable":true,"href":"https:\/\/arroyitoonline.com.ar\/index.php?rest_route=\/wp\/v2\/media\/1618"}],"wp:attachment":[{"href":"https:\/\/arroyitoonline.com.ar\/index.php?rest_route=%2Fwp%2Fv2%2Fmedia&parent=1617"}],"wp:term":[{"taxonomy":"category","embeddable":true,"href":"https:\/\/arroyitoonline.com.ar\/index.php?rest_route=%2Fwp%2Fv2%2Fcategories&post=1617"},{"taxonomy":"post_tag","embeddable":true,"href":"https:\/\/arroyitoonline.com.ar\/index.php?rest_route=%2Fwp%2Fv2%2Ftags&post=1617"}],"curies":[{"name":"wp","href":"https:\/\/api.w.org\/{rel}","templated":true}]}}