{"id":16182,"date":"2025-03-26T14:15:52","date_gmt":"2025-03-26T14:15:52","guid":{"rendered":"https:\/\/arroyitoonline.com.ar\/?p=16182"},"modified":"2025-03-26T14:15:53","modified_gmt":"2025-03-26T14:15:53","slug":"se-incendio-un-vehiculo-en-un-taller-de-chapa-y-pintura","status":"publish","type":"post","link":"https:\/\/arroyitoonline.com.ar\/?p=16182","title":{"rendered":"Se incendi\u00f3 un veh\u00edculo en un taller de chapa y pintura"},"content":{"rendered":"\n<p><strong>Los propietarios y algunos vecinos lograron remover el auto hacia el exterior y controlaron el fuego.<\/strong><\/p>\n\n\n\n<p>Minutos antes de las 15:00 horas de ayer, Bomberos recibi\u00f3 un aviso de que se incendiaba un veh\u00edculo dentro de un taller de chapa y pintura. <\/p>\n\n\n\n<p>El M\u00f3vil 11, a cargo del Cabo 1\u00ba BV Villarreal Juan Cruz, se dirigi\u00f3 al lugar del siniestro y una segunda dotaci\u00f3n qued\u00f3 al aguardo para salir, en caso de ser necesario.<\/p>\n\n\n\n<p>Cuando llegaron al lugar, el automotor hab\u00eda sido removido a la parte externa del taller y el fuego controlado por los propietarios del lugar y vecinos. Se lamentaron da\u00f1os en el rodado y perjuicios menores por temperatura, en otros dos veh\u00edculos que se encontraban dentro del taller. Personal de Bomberos enfri\u00f3 y ventil\u00f3 el lugar y regres\u00f3 a base sin novedades.<\/p>\n\n\n\n<p>Fuente: Asoc. Bomberos Voluntarios de Arroyito. <\/p>\n","protected":false},"excerpt":{"rendered":"<p>Los propietarios y algunos vecinos lograron remover el auto hacia el exterior y controlaron el fuego. Minutos antes de las&hellip;<\/p>\n","protected":false},"author":3,"featured_media":16183,"comment_status":"closed","ping_status":"open","sticky":false,"template":"","format":"standard","meta":{"footnotes":""},"categories":[824],"tags":[66,67,836,127,128,129,435,1467,572,635,637,638,825],"class_list":["post-16182","post","type-post","status-publish","format-standard","has-post-thumbnail","hentry","category-policiales-online","tag-arroyito","tag-arroyito-cordoba","tag-arroyito-online","tag-bomberos-arroyito","tag-bomberos-de-arroyito","tag-bomberos-voluntarios","tag-incendio","tag-incendio-vehicular","tag-noticias-de-arroyito-y-zona","tag-policia","tag-policiales","tag-policiales-arroyito","tag-policiales-online"],"_links":{"self":[{"href":"https:\/\/arroyitoonline.com.ar\/index.php?rest_route=\/wp\/v2\/posts\/16182","targetHints":{"allow":["GET"]}}],"collection":[{"href":"https:\/\/arroyitoonline.com.ar\/index.php?rest_route=\/wp\/v2\/posts"}],"about":[{"href":"https:\/\/arroyitoonline.com.ar\/index.php?rest_route=\/wp\/v2\/types\/post"}],"author":[{"embeddable":true,"href":"https:\/\/arroyitoonline.com.ar\/index.php?rest_route=\/wp\/v2\/users\/3"}],"replies":[{"embeddable":true,"href":"https:\/\/arroyitoonline.com.ar\/index.php?rest_route=%2Fwp%2Fv2%2Fcomments&post=16182"}],"version-history":[{"count":1,"href":"https:\/\/arroyitoonline.com.ar\/index.php?rest_route=\/wp\/v2\/posts\/16182\/revisions"}],"predecessor-version":[{"id":16184,"href":"https:\/\/arroyitoonline.com.ar\/index.php?rest_route=\/wp\/v2\/posts\/16182\/revisions\/16184"}],"wp:featuredmedia":[{"embeddable":true,"href":"https:\/\/arroyitoonline.com.ar\/index.php?rest_route=\/wp\/v2\/media\/16183"}],"wp:attachment":[{"href":"https:\/\/arroyitoonline.com.ar\/index.php?rest_route=%2Fwp%2Fv2%2Fmedia&parent=16182"}],"wp:term":[{"taxonomy":"category","embeddable":true,"href":"https:\/\/arroyitoonline.com.ar\/index.php?rest_route=%2Fwp%2Fv2%2Fcategories&post=16182"},{"taxonomy":"post_tag","embeddable":true,"href":"https:\/\/arroyitoonline.com.ar\/index.php?rest_route=%2Fwp%2Fv2%2Ftags&post=16182"}],"curies":[{"name":"wp","href":"https:\/\/api.w.org\/{rel}","templated":true}]}}