{"id":1620,"date":"2019-01-22T01:30:40","date_gmt":"2019-01-22T01:30:40","guid":{"rendered":"http:\/\/arroyitoonline.com.ar\/?p=1620"},"modified":"2019-01-30T01:33:07","modified_gmt":"2019-01-30T01:33:07","slug":"realizan-mantenimiento-de-la-fuente-de-agua-en-movimiento-de-la-plaza-25-de-mayo","status":"publish","type":"post","link":"https:\/\/arroyitoonline.com.ar\/?p=1620","title":{"rendered":"Realizan mantenimiento de la fuente de agua en movimiento de la Plaza 25 de Mayo"},"content":{"rendered":"\n<p><strong>El espacio hab\u00eda sido inaugurado en abril de 2015. El municipio quita el\nsarro de los vidrios blindex. <\/strong><\/p>\n\n\n\n<p>En los \u00faltimos d\u00edas, el Municipio\ncomenz\u00f3 con el mantenimiento y el saneamiento de la fuente de agua en\nmovimiento de la Plaza 25 de Mayo. <\/p>\n\n\n\n<p>El trabajo consiste en la\nlimpieza del sarro acumulado en los vidrios de la fontana, a trav\u00e9s de un\nproceso realizado con un pulidor de cristal y sellado hidrof\u00f3bico,&nbsp;eficaz\nproducto para los pulidos de correcci\u00f3n y tratamientos en vidrios, acr\u00edlicos y\ncer\u00e1micos. Del mismo modo se desarrolla un mantenimiento integral del sistema\nde bombas y luces led.&nbsp;<\/p>\n\n\n\n<p>Esta fuente fue inaugurada el 19 de abril de 2015. En ese momento se coloc\u00f3 un cierre perimetral de vidrios blindex de seguridad para que ning\u00fan vecino ingrese en el per\u00edmetro del espacio, por cuestiones de seguridad. <\/p>\n\n\n\n<p>Fuente: Prensa Municipal.<\/p>\n","protected":false},"excerpt":{"rendered":"<p>El espacio hab\u00eda sido inaugurado en abril de 2015. El municipio quita el sarro de los vidrios blindex. En los&hellip;<\/p>\n","protected":false},"author":3,"featured_media":1621,"comment_status":"closed","ping_status":"open","sticky":false,"template":"","format":"standard","meta":{"footnotes":""},"categories":[829],"tags":[66,67,253,454,527,555,556,572,628],"class_list":["post-1620","post","type-post","status-publish","format-standard","has-post-thumbnail","hentry","category-municipales-online","tag-arroyito","tag-arroyito-cordoba","tag-cravero","tag-intendente","tag-mauricio-cravero","tag-municipalidad","tag-municipalidad-de-arroyito","tag-noticias-de-arroyito-y-zona","tag-plaza-25-de-mayo"],"_links":{"self":[{"href":"https:\/\/arroyitoonline.com.ar\/index.php?rest_route=\/wp\/v2\/posts\/1620","targetHints":{"allow":["GET"]}}],"collection":[{"href":"https:\/\/arroyitoonline.com.ar\/index.php?rest_route=\/wp\/v2\/posts"}],"about":[{"href":"https:\/\/arroyitoonline.com.ar\/index.php?rest_route=\/wp\/v2\/types\/post"}],"author":[{"embeddable":true,"href":"https:\/\/arroyitoonline.com.ar\/index.php?rest_route=\/wp\/v2\/users\/3"}],"replies":[{"embeddable":true,"href":"https:\/\/arroyitoonline.com.ar\/index.php?rest_route=%2Fwp%2Fv2%2Fcomments&post=1620"}],"version-history":[{"count":1,"href":"https:\/\/arroyitoonline.com.ar\/index.php?rest_route=\/wp\/v2\/posts\/1620\/revisions"}],"predecessor-version":[{"id":1622,"href":"https:\/\/arroyitoonline.com.ar\/index.php?rest_route=\/wp\/v2\/posts\/1620\/revisions\/1622"}],"wp:featuredmedia":[{"embeddable":true,"href":"https:\/\/arroyitoonline.com.ar\/index.php?rest_route=\/wp\/v2\/media\/1621"}],"wp:attachment":[{"href":"https:\/\/arroyitoonline.com.ar\/index.php?rest_route=%2Fwp%2Fv2%2Fmedia&parent=1620"}],"wp:term":[{"taxonomy":"category","embeddable":true,"href":"https:\/\/arroyitoonline.com.ar\/index.php?rest_route=%2Fwp%2Fv2%2Fcategories&post=1620"},{"taxonomy":"post_tag","embeddable":true,"href":"https:\/\/arroyitoonline.com.ar\/index.php?rest_route=%2Fwp%2Fv2%2Ftags&post=1620"}],"curies":[{"name":"wp","href":"https:\/\/api.w.org\/{rel}","templated":true}]}}