{"id":16211,"date":"2025-05-12T22:17:30","date_gmt":"2025-05-12T22:17:30","guid":{"rendered":"https:\/\/arroyitoonline.com.ar\/?p=16211"},"modified":"2025-05-12T22:17:32","modified_gmt":"2025-05-12T22:17:32","slug":"el-concejal-matias-bazzi-se-encuentra-internado-e-informo-al-concejo-su-imposibilidad-de-asistir-al-recinto","status":"publish","type":"post","link":"https:\/\/arroyitoonline.com.ar\/?p=16211","title":{"rendered":"El concejal Mat\u00edas Bazzi se encuentra internado e inform\u00f3 al Concejo su imposibilidad de asistir al recinto"},"content":{"rendered":"\n<p><strong>&#8220;Rulo&#8221; atraviesa un complicado estado de salud, sin previsi\u00f3n de alta m\u00e9dica, pero la est\u00e1 transcurriendo de buen \u00e1nimo. <\/strong><\/p>\n\n\n\n<p>El viernes pasado, el concejal del Bloque Todos Juntos Hacemos Por Arroyito, Mat\u00edas &#8220;Rulo&#8221; Bazzi, envi\u00f3 una nota dirigida a la presidenta del cuerpo deliberativo, Mar\u00eda Jos\u00e9 Esp\u00f3sito. <\/p>\n\n\n\n<p>El edil atraviesa un complicado estado de salud, ya que se encuentra internado en la Unidad Sanatorial Ra\u00fal A. Ferreyra de la ciudad de C\u00f3rdoba, a causa de una pancreatitis aguda, sin previsi\u00f3n de alta m\u00e9dica; lo que imposibilita su presencia en sesiones y comisiones.<\/p>\n\n\n<div class=\"wp-block-image\">\n<figure class=\"aligncenter size-large\"><img loading=\"lazy\" decoding=\"async\" width=\"690\" height=\"1024\" src=\"https:\/\/arroyitoonline.com.ar\/wp-content\/uploads\/2025\/05\/nota-matias-bazzi-1-690x1024.jpg\" alt=\"\" class=\"wp-image-16214\" srcset=\"https:\/\/arroyitoonline.com.ar\/wp-content\/uploads\/2025\/05\/nota-matias-bazzi-1-690x1024.jpg 690w, https:\/\/arroyitoonline.com.ar\/wp-content\/uploads\/2025\/05\/nota-matias-bazzi-1-202x300.jpg 202w, https:\/\/arroyitoonline.com.ar\/wp-content\/uploads\/2025\/05\/nota-matias-bazzi-1-768x1140.jpg 768w, https:\/\/arroyitoonline.com.ar\/wp-content\/uploads\/2025\/05\/nota-matias-bazzi-1-1035x1536.jpg 1035w, https:\/\/arroyitoonline.com.ar\/wp-content\/uploads\/2025\/05\/nota-matias-bazzi-1-1380x2048.jpg 1380w, https:\/\/arroyitoonline.com.ar\/wp-content\/uploads\/2025\/05\/nota-matias-bazzi-1-scaled.jpg 1725w\" sizes=\"auto, (max-width: 690px) 100vw, 690px\" \/><\/figure>\n<\/div>\n\n\n<p>En la nota, Bazzi no s\u00f3lo inform\u00f3 acerca de su situaci\u00f3n, sino que tambi\u00e9n agradeci\u00f3 a vecinos del norte y el sur, colegas e iglesias cat\u00f3lica y evang\u00e9licas, por los mensajes de apoyo y las oraciones &#8220;tan necesarias en estos momentos en los que empiezo mi recuperaci\u00f3n&#8221;, indic\u00f3. <\/p>\n\n\n\n<p>En di\u00e1logo con Arroyito Online, &#8220;Rulo&#8221; expres\u00f3 que se encuentra bien de \u00e1nimo y que, en cuanto le den el alta m\u00e9dica, regresar\u00e1 a sus funciones. Adem\u00e1s aclar\u00f3 que no tiene pensado renunciar a su banca y quiere continuar trabajando en beneficio de la ciudad. <br><br>\u00a1Pronta recuperaci\u00f3n, Mati!<\/p>\n\n\n\n<p> <\/p>\n","protected":false},"excerpt":{"rendered":"<p>&#8220;Rulo&#8221; atraviesa un complicado estado de salud, sin previsi\u00f3n de alta m\u00e9dica, pero la est\u00e1 transcurriendo de buen \u00e1nimo. El&hellip;<\/p>\n","protected":false},"author":3,"featured_media":16212,"comment_status":"closed","ping_status":"open","sticky":false,"template":"","format":"standard","meta":{"footnotes":""},"categories":[920],"tags":[66,67,836,891,227,1102,572,1468,706],"class_list":["post-16211","post","type-post","status-publish","format-standard","has-post-thumbnail","hentry","category-concejo-deliberante-online","tag-arroyito","tag-arroyito-cordoba","tag-arroyito-online","tag-concejales","tag-concejo-deliberante","tag-gobierno-municipal","tag-noticias-de-arroyito-y-zona","tag-rulo-bazzi","tag-salud"],"_links":{"self":[{"href":"https:\/\/arroyitoonline.com.ar\/index.php?rest_route=\/wp\/v2\/posts\/16211","targetHints":{"allow":["GET"]}}],"collection":[{"href":"https:\/\/arroyitoonline.com.ar\/index.php?rest_route=\/wp\/v2\/posts"}],"about":[{"href":"https:\/\/arroyitoonline.com.ar\/index.php?rest_route=\/wp\/v2\/types\/post"}],"author":[{"embeddable":true,"href":"https:\/\/arroyitoonline.com.ar\/index.php?rest_route=\/wp\/v2\/users\/3"}],"replies":[{"embeddable":true,"href":"https:\/\/arroyitoonline.com.ar\/index.php?rest_route=%2Fwp%2Fv2%2Fcomments&post=16211"}],"version-history":[{"count":1,"href":"https:\/\/arroyitoonline.com.ar\/index.php?rest_route=\/wp\/v2\/posts\/16211\/revisions"}],"predecessor-version":[{"id":16215,"href":"https:\/\/arroyitoonline.com.ar\/index.php?rest_route=\/wp\/v2\/posts\/16211\/revisions\/16215"}],"wp:featuredmedia":[{"embeddable":true,"href":"https:\/\/arroyitoonline.com.ar\/index.php?rest_route=\/wp\/v2\/media\/16212"}],"wp:attachment":[{"href":"https:\/\/arroyitoonline.com.ar\/index.php?rest_route=%2Fwp%2Fv2%2Fmedia&parent=16211"}],"wp:term":[{"taxonomy":"category","embeddable":true,"href":"https:\/\/arroyitoonline.com.ar\/index.php?rest_route=%2Fwp%2Fv2%2Fcategories&post=16211"},{"taxonomy":"post_tag","embeddable":true,"href":"https:\/\/arroyitoonline.com.ar\/index.php?rest_route=%2Fwp%2Fv2%2Ftags&post=16211"}],"curies":[{"name":"wp","href":"https:\/\/api.w.org\/{rel}","templated":true}]}}