{"id":1623,"date":"2019-01-30T02:28:37","date_gmt":"2019-01-30T02:28:37","guid":{"rendered":"http:\/\/arroyitoonline.com.ar\/?p=1623"},"modified":"2019-02-05T13:19:10","modified_gmt":"2019-02-05T13:19:10","slug":"el-primer-videoclip-de-cuento-viejo-ya-supera-las-1500-reproducciones","status":"publish","type":"post","link":"https:\/\/arroyitoonline.com.ar\/?p=1623","title":{"rendered":"El primer videoclip de Cuento Viejo ya supera las 1500 reproducciones"},"content":{"rendered":"\n<p><strong>A seis d\u00edas de haberlo subido, una de las bandas m\u00e1s fiesteras del \u00e1mbito local, consolida \u201cViejo\u201d en YouTube. <\/strong><\/p>\n\n\n\n<p>En el mes de noviembre, la banda local Cuento\nViejo grab\u00f3 su primer videoclip titulado \u201cViejo\u201d. Fue el viernes 16, durante su\npresentaci\u00f3n en la quinta edici\u00f3n de la Fiesta Provincial de Arroyito, la Dulce\nCiudad del Pa\u00eds, como telonera del Rey Pelusa. <\/p>\n\n\n\n<p>El material, que fue filmado y editado por\nKanema Producciones, combina escenas de lo que se vivi\u00f3 en el show con im\u00e1genes\nde la previa. Adem\u00e1s,\u201dViejo\u201d es el primer tema que la banda graba en estudio y\nhabla acerca de c\u00f3mo fueron sus comienzos,&nbsp;lo que sintieron sus\nintegrantes cuando empezaron con la m\u00fasica y el impacto que provoc\u00f3 en su n\u00facleo\nfamiliar y de amistades. <\/p>\n\n\n\n<figure class=\"wp-block-embed-youtube wp-block-embed is-type-video is-provider-youtube wp-embed-aspect-16-9 wp-has-aspect-ratio\"><div class=\"wp-block-embed__wrapper\">\n<div class=\"epyt-video-wrapper\"><iframe loading=\"lazy\"  style=\"display: block; margin: 0px auto;\"  id=\"_ytid_64384\"  width=\"1140\" height=\"641\"  data-origwidth=\"1140\" data-origheight=\"641\" src=\"https:\/\/www.youtube.com\/embed\/Wzn_qhZnRIA?enablejsapi=1&#038;autoplay=0&#038;cc_load_policy=1&#038;cc_lang_pref=&#038;iv_load_policy=3&#038;loop=0&#038;rel=1&#038;fs=1&#038;playsinline=0&#038;autohide=2&#038;theme=dark&#038;color=red&#038;controls=1&#038;disablekb=0&#038;\" class=\"__youtube_prefs__  epyt-is-override  no-lazyload\" title=\"YouTube player\"  allow=\"fullscreen; accelerometer; autoplay; clipboard-write; encrypted-media; gyroscope; picture-in-picture; web-share\" referrerpolicy=\"strict-origin-when-cross-origin\" allowfullscreen data-no-lazy=\"1\" data-skipgform_ajax_framebjll=\"\"><\/iframe><\/div>\n<\/div><figcaption><em>&#8220;Viejo&#8221; en YouTube.<\/em><\/figcaption><\/figure>\n\n\n\n<p>Se trata de un corte propio que los j\u00f3venes\nven\u00edan haciendo en sus shows y que, desde el \u00faltimo jueves, est\u00e1 disponible en\nYouTube. Muy pronto tambi\u00e9n se subir\u00e1 a otras plataformas digitales para\nreproducci\u00f3n de m\u00fasica como iTune y Spotify.<\/p>\n\n\n\n<p>La sorpresa fue muy grande para ellos cuando\nnotaron que, en tres d\u00edas, el video logr\u00f3 m\u00e1s de 1000 reproducciones y que, luego\nde seis jornadas, ya acumula 1500 vistas. Se trata de una banda joven, no solo\npor la edad de sus integrantes \u2013que van de 17 a 26 a\u00f1os- sino tambi\u00e9n por su\ncorta vigencia, ya que pronto celebrar\u00e1 su segundo aniversario.<\/p>\n\n\n\n<p>El grupo est\u00e1 integrado por Mat\u00edas Mendoza\n(voz principal), Nicol\u00e1s Moyano (bajo y coros), Sim\u00f3n Benedetti (guitarra y\ncoros), Mat\u00edas Vieyra (guitarra y coros), Jonathan C\u00e1seres (bater\u00eda), Samuel\nMoriconi (percusi\u00f3n), Juan Devitt (saxo), Miguel Bachilleri (trompeta) y Mateo\nPansarasa (teclado).<\/p>\n\n\n\n<p>&#8220;<em>Para\nnosotros es muy importante este videoclip porque nos ayuda en la difusi\u00f3n de\nnuestra banda&nbsp;y nos genera gran satisfacci\u00f3n la buena repercusi\u00f3n que\nalcanz\u00f3. Es un orgullo y un gran logro para una banda tan joven como la\nnuestra, del interior del interior&#8221;<\/em>, expres\u00f3 a LA VOZ DE SAN JUSTO el\nguitarrista Mat\u00edas Vieyra. <\/p>\n\n\n\n<p><strong>Un grupo con &#8220;esp\u00edritu fiestero&#8221;<\/strong><\/p>\n\n\n\n<p>Cuento Viejo combina diversos estilos\nmusicales que van desde el rock y el ska, hasta el cuarteto. Adem\u00e1s de sus\ntemas propios,&nbsp;interpretan covers de bandas reconocidas como Los Caligaris\ny Los Aut\u00e9nticos Decadentes.<\/p>\n\n\n\n<p><em>&#8220;A pesar del\ng\u00e9nero, nuestro show es muy fiestero y en la manera de movernos lo hacemos m\u00e1s\na modo de una banda de cuarteto, que de rock,&nbsp;ya que muchas veces actuamos\ndos o tres d\u00edas seguidos&#8221;<\/em>, dijo Vieyra.<\/p>\n\n\n\n<p><em>&#8220;El\nespect\u00e1culo se basa en un show musical que comienza con mucha fiesta para\ncaptar al p\u00fablico. En el medio aprovechamos para interpretar algunos temas\nnuestros, pero no dejamos de lado ese &#8216;esp\u00edritu fiestero&#8217; que nos\ncaracteriza&#8221;<\/em>,\nagreg\u00f3.<\/p>\n\n\n\n<p><em>&#8220;Si bien\nhacemos varios covers de bandas populares en estos g\u00e9neros musicales,&nbsp;estamos\nen busca de la impronta propia y en el rumbo de la banda&#8221;<\/em>,&nbsp;manifest\u00f3\nel m\u00fasico.<\/p>\n\n\n\n<p>A pesar de su corta trayectoria,\nla banda ya pis\u00f3 tanto escenarios locales, como regionales y provinciales. En\nSan Francisco, los Cuento Viejo se sienten locales, ya que el a\u00f1o pasado\ntocaron varias veces en Bomberos\nVoluntarios y en el cierre de eventos organizados por el municipio de esa\nciudad, tales como La Peatonal de la 25 y la Estudiantina. Tambi\u00e9n estuvieron\nen los boliches Mar\u00eda Mar\u00eda (C\u00f3rdoba) y Zebra Club (Villa Carlos Paz). Por su parte,\nen febrero pr\u00f3ximo clausurar\u00e1n la temporada de verano en la localidad de La\nCumbre. <\/p>\n\n\n\n<p>En 2019, la agenda de la banda tambi\u00e9n incluye los\ncarnavales en diferentes locaciones del departamento San Justo y la celebraci\u00f3n\nde su segundo aniversario con una gran fiesta. <\/p>\n\n\n\n<p><strong>El segundo videoclip,&nbsp;para el\n2020<\/strong><\/p>\n\n\n\n<p>Consultado sobre el nombre de la formaci\u00f3n\nmusical, Vieyra coment\u00f3 que <em>&#8220;la\nmayor\u00eda&nbsp;de los integrantes venimos de otras bandas, por lo que el nombre\nhace un poco referencia a lo que nos expresaban nuestros familiares y amigos\ncada vez que les cont\u00e1bamos de este nuevo grupo que formamos&#8221;<\/em>.<\/p>\n\n\n\n<p>Asimismo, el m\u00fasico reconoci\u00f3 que&nbsp;<em>&#8220;algo que comenz\u00f3 de manera informal se\nconvirti\u00f3 en pocos meses en un trabajo profesional,&nbsp;siendo que hay que\ndejar el fin de semana de lado para la banda as\u00ed como los ensayos durante la\nsemana, el manejo de las redes sociales y todo el trabajo que la m\u00fasica\nimplica&#8221;<\/em>.<\/p>\n\n\n\n<p><em>\u201cEl segundo videoclip llegar\u00eda el a\u00f1o que viene, con un nuevo tema propio y con una producci\u00f3n de mayor envergadura&#8221;<\/em>, concluy\u00f3 el guitarrista de Arroyito. <\/p>\n\n\n\n<p>Fuente: La Voz de San Justo.<\/p>\n","protected":false},"excerpt":{"rendered":"<p>A seis d\u00edas de haberlo subido, una de las bandas m\u00e1s fiesteras del \u00e1mbito local, consolida \u201cViejo\u201d en YouTube. En&hellip;<\/p>\n","protected":false},"author":3,"featured_media":1851,"comment_status":"closed","ping_status":"open","sticky":false,"template":"","format":"standard","meta":{"footnotes":""},"categories":[826],"tags":[66,67,256,831,559,572,695],"class_list":["post-1623","post","type-post","status-publish","format-standard","has-post-thumbnail","hentry","category-espectaculos-online","tag-arroyito","tag-arroyito-cordoba","tag-cuarteto","tag-cuento-viejo","tag-musica","tag-noticias-de-arroyito-y-zona","tag-rock"],"_links":{"self":[{"href":"https:\/\/arroyitoonline.com.ar\/index.php?rest_route=\/wp\/v2\/posts\/1623","targetHints":{"allow":["GET"]}}],"collection":[{"href":"https:\/\/arroyitoonline.com.ar\/index.php?rest_route=\/wp\/v2\/posts"}],"about":[{"href":"https:\/\/arroyitoonline.com.ar\/index.php?rest_route=\/wp\/v2\/types\/post"}],"author":[{"embeddable":true,"href":"https:\/\/arroyitoonline.com.ar\/index.php?rest_route=\/wp\/v2\/users\/3"}],"replies":[{"embeddable":true,"href":"https:\/\/arroyitoonline.com.ar\/index.php?rest_route=%2Fwp%2Fv2%2Fcomments&post=1623"}],"version-history":[{"count":3,"href":"https:\/\/arroyitoonline.com.ar\/index.php?rest_route=\/wp\/v2\/posts\/1623\/revisions"}],"predecessor-version":[{"id":1628,"href":"https:\/\/arroyitoonline.com.ar\/index.php?rest_route=\/wp\/v2\/posts\/1623\/revisions\/1628"}],"wp:featuredmedia":[{"embeddable":true,"href":"https:\/\/arroyitoonline.com.ar\/index.php?rest_route=\/wp\/v2\/media\/1851"}],"wp:attachment":[{"href":"https:\/\/arroyitoonline.com.ar\/index.php?rest_route=%2Fwp%2Fv2%2Fmedia&parent=1623"}],"wp:term":[{"taxonomy":"category","embeddable":true,"href":"https:\/\/arroyitoonline.com.ar\/index.php?rest_route=%2Fwp%2Fv2%2Fcategories&post=1623"},{"taxonomy":"post_tag","embeddable":true,"href":"https:\/\/arroyitoonline.com.ar\/index.php?rest_route=%2Fwp%2Fv2%2Ftags&post=1623"}],"curies":[{"name":"wp","href":"https:\/\/api.w.org\/{rel}","templated":true}]}}