{"id":16299,"date":"2025-07-08T20:58:00","date_gmt":"2025-07-08T20:58:00","guid":{"rendered":"https:\/\/arroyitoonline.com.ar\/?p=16299"},"modified":"2025-07-11T13:59:31","modified_gmt":"2025-07-11T13:59:31","slug":"fernanda-cortes-pidio-licencia-en-el-concejo-asumio-rocio-piovano","status":"publish","type":"post","link":"https:\/\/arroyitoonline.com.ar\/?p=16299","title":{"rendered":"Fernanda Cort\u00e9s pidi\u00f3 licencia en el Concejo: asumi\u00f3 Roc\u00edo Piovano"},"content":{"rendered":"\n<p><strong>La licencia se extender\u00e1 hasta el 31 de agosto y su banca de Juntos por el cambio es ocupada por la abogada de 24 a\u00f1os.<\/strong><\/p>\n\n\n\n<p>La escribana Mar\u00eda Fernanda Cort\u00e9s, concejal del Bloque Juntos por el Cambio, present\u00f3 una solicitud de licencia sin goce de dieta desde el 4 de julio hasta el 31 de agosto inclusive, por motivos personales.<\/p>\n\n\n\n<p>En la nota, Cort\u00e9s aclara que la decisi\u00f3n tiene como objetivo evitar cualquier erogaci\u00f3n para las arcas municipales durante ese per\u00edodo, y reafirma su respeto por los recursos p\u00fablicos.<\/p>\n\n\n\n<p>Durante su ausencia, la reemplaza la abogada Roc\u00edo Piovano, de 24 a\u00f1os, quien ocup\u00f3 un lugar en la lista de Juntos por el Cambio en las elecciones de 2023 y forma parte activa de la Juventud PRO. La asunci\u00f3n se produjo el martes 8 de julio a las 13:00 horas, en la sesi\u00f3n especial del Concejo Deliberante convocada por el Ejecutivo.<\/p>\n\n\n\n<p>Con este movimiento, el bloque queda conformado por Hern\u00e1n Boero, Mauricio Cravero y Roc\u00edo Piovano. <\/p>\n","protected":false},"excerpt":{"rendered":"<p>La licencia se extender\u00e1 hasta el 31 de agosto y su banca de Juntos por el cambio es ocupada por&hellip;<\/p>\n","protected":false},"author":3,"featured_media":16300,"comment_status":"closed","ping_status":"open","sticky":false,"template":"","format":"standard","meta":{"footnotes":""},"categories":[920],"tags":[66,67,836,891,227,1016,1475,572,1318],"class_list":["post-16299","post","type-post","status-publish","format-standard","has-post-thumbnail","hentry","category-concejo-deliberante-online","tag-arroyito","tag-arroyito-cordoba","tag-arroyito-online","tag-concejales","tag-concejo-deliberante","tag-juntos-por-el-cambio","tag-maria-fernanda-cortes","tag-noticias-de-arroyito-y-zona","tag-ordenanza"],"_links":{"self":[{"href":"https:\/\/arroyitoonline.com.ar\/index.php?rest_route=\/wp\/v2\/posts\/16299","targetHints":{"allow":["GET"]}}],"collection":[{"href":"https:\/\/arroyitoonline.com.ar\/index.php?rest_route=\/wp\/v2\/posts"}],"about":[{"href":"https:\/\/arroyitoonline.com.ar\/index.php?rest_route=\/wp\/v2\/types\/post"}],"author":[{"embeddable":true,"href":"https:\/\/arroyitoonline.com.ar\/index.php?rest_route=\/wp\/v2\/users\/3"}],"replies":[{"embeddable":true,"href":"https:\/\/arroyitoonline.com.ar\/index.php?rest_route=%2Fwp%2Fv2%2Fcomments&post=16299"}],"version-history":[{"count":2,"href":"https:\/\/arroyitoonline.com.ar\/index.php?rest_route=\/wp\/v2\/posts\/16299\/revisions"}],"predecessor-version":[{"id":16302,"href":"https:\/\/arroyitoonline.com.ar\/index.php?rest_route=\/wp\/v2\/posts\/16299\/revisions\/16302"}],"wp:featuredmedia":[{"embeddable":true,"href":"https:\/\/arroyitoonline.com.ar\/index.php?rest_route=\/wp\/v2\/media\/16300"}],"wp:attachment":[{"href":"https:\/\/arroyitoonline.com.ar\/index.php?rest_route=%2Fwp%2Fv2%2Fmedia&parent=16299"}],"wp:term":[{"taxonomy":"category","embeddable":true,"href":"https:\/\/arroyitoonline.com.ar\/index.php?rest_route=%2Fwp%2Fv2%2Fcategories&post=16299"},{"taxonomy":"post_tag","embeddable":true,"href":"https:\/\/arroyitoonline.com.ar\/index.php?rest_route=%2Fwp%2Fv2%2Ftags&post=16299"}],"curies":[{"name":"wp","href":"https:\/\/api.w.org\/{rel}","templated":true}]}}