{"id":16313,"date":"2025-07-14T13:55:55","date_gmt":"2025-07-14T13:55:55","guid":{"rendered":"https:\/\/arroyitoonline.com.ar\/?p=16313"},"modified":"2025-07-14T13:55:56","modified_gmt":"2025-07-14T13:55:56","slug":"colores-oficios-y-manos-que-crean-la-feria-nacional-de-artesanias-tendria-fecha-confirmada","status":"publish","type":"post","link":"https:\/\/arroyitoonline.com.ar\/?p=16313","title":{"rendered":"Colores, oficios y manos que crean: la Feria Nacional de Artesan\u00edas tendr\u00eda fecha confirmada"},"content":{"rendered":"\n<p><strong>Se extender\u00eda durante tres d\u00edas: viernes 14, s\u00e1bado 15 y domingo 16 de noviembre, en la Plaza 25 de Mayo.<\/strong><\/p>\n\n\n\n<p>Desde la Subsecretar\u00eda de Cultura del Gobierno Municipal ya preparan lo que ser\u00e1 la 33\u00aa edici\u00f3n de la Feria Nacional de Artesan\u00edas, con la intenci\u00f3n de superar el gran impacto que dej\u00f3 el evento del a\u00f1o pasado.<\/p>\n\n\n\n<p>La edici\u00f3n 2024 convoc\u00f3 a m\u00e1s de 200 artesanos de distintos puntos del pa\u00eds. Para este a\u00f1o, ya son m\u00e1s de 100 los que habr\u00edan pedido un lugar, incluso antes de que se abra la convocatoria.<\/p>\n\n\n\n<p>La feria se extender\u00eda durante tres d\u00edas: viernes 14, s\u00e1bado 15 y domingo 16 de noviembre, con la Plaza 25 de Mayo como escenario central.<\/p>\n\n\n\n<p>Una vez m\u00e1s, Arroyito se preparara para recibir a cientos de artesanos con una feria que busca dejar huella y reforzar su prestigio a nivel nacional.<\/p>\n\n\n\n<p>\u00a1And\u00e1 agendando la fecha!<\/p>\n","protected":false},"excerpt":{"rendered":"<p>Se extender\u00eda durante tres d\u00edas: viernes 14, s\u00e1bado 15 y domingo 16 de noviembre, en la Plaza 25 de Mayo.&hellip;<\/p>\n","protected":false},"author":3,"featured_media":16314,"comment_status":"closed","ping_status":"open","sticky":false,"template":"","format":"standard","meta":{"footnotes":""},"categories":[2],"tags":[66,67,836,72,259,864,1030,1102,572,628,1476],"class_list":["post-16313","post","type-post","status-publish","format-standard","has-post-thumbnail","hentry","category-cultura-y-espectaculos","tag-arroyito","tag-arroyito-cordoba","tag-arroyito-online","tag-artesanias","tag-cultura","tag-cultura-y-espectaculos-online","tag-feria-nacional-de-artesanias","tag-gobierno-municipal","tag-noticias-de-arroyito-y-zona","tag-plaza-25-de-mayo","tag-subsecretaria-de-cultura"],"_links":{"self":[{"href":"https:\/\/arroyitoonline.com.ar\/index.php?rest_route=\/wp\/v2\/posts\/16313","targetHints":{"allow":["GET"]}}],"collection":[{"href":"https:\/\/arroyitoonline.com.ar\/index.php?rest_route=\/wp\/v2\/posts"}],"about":[{"href":"https:\/\/arroyitoonline.com.ar\/index.php?rest_route=\/wp\/v2\/types\/post"}],"author":[{"embeddable":true,"href":"https:\/\/arroyitoonline.com.ar\/index.php?rest_route=\/wp\/v2\/users\/3"}],"replies":[{"embeddable":true,"href":"https:\/\/arroyitoonline.com.ar\/index.php?rest_route=%2Fwp%2Fv2%2Fcomments&post=16313"}],"version-history":[{"count":1,"href":"https:\/\/arroyitoonline.com.ar\/index.php?rest_route=\/wp\/v2\/posts\/16313\/revisions"}],"predecessor-version":[{"id":16315,"href":"https:\/\/arroyitoonline.com.ar\/index.php?rest_route=\/wp\/v2\/posts\/16313\/revisions\/16315"}],"wp:featuredmedia":[{"embeddable":true,"href":"https:\/\/arroyitoonline.com.ar\/index.php?rest_route=\/wp\/v2\/media\/16314"}],"wp:attachment":[{"href":"https:\/\/arroyitoonline.com.ar\/index.php?rest_route=%2Fwp%2Fv2%2Fmedia&parent=16313"}],"wp:term":[{"taxonomy":"category","embeddable":true,"href":"https:\/\/arroyitoonline.com.ar\/index.php?rest_route=%2Fwp%2Fv2%2Fcategories&post=16313"},{"taxonomy":"post_tag","embeddable":true,"href":"https:\/\/arroyitoonline.com.ar\/index.php?rest_route=%2Fwp%2Fv2%2Ftags&post=16313"}],"curies":[{"name":"wp","href":"https:\/\/api.w.org\/{rel}","templated":true}]}}