{"id":16317,"date":"2025-07-17T13:10:47","date_gmt":"2025-07-17T13:10:47","guid":{"rendered":"https:\/\/arroyitoonline.com.ar\/?p=16317"},"modified":"2025-07-21T13:12:23","modified_gmt":"2025-07-21T13:12:23","slug":"dolor-en-arroyito-por-el-fallecimiento-de-la-docente-y-escritora-susana-ruiz-de-zaya","status":"publish","type":"post","link":"https:\/\/arroyitoonline.com.ar\/?p=16317","title":{"rendered":"Dolor en Arroyito por el fallecimiento de la docente y escritora Susana Ru\u00edz de Zaya"},"content":{"rendered":"\n<p><strong>Fue una referente cultural que dej\u00f3 una marca imborrable en la vida educativa y art\u00edstica de la ciudad.<\/strong><\/p>\n\n\n\n<p>Arroyito despide con profundo dolor a Susana Ru\u00edz de Zaya, docente, escritora y referente cultural que dej\u00f3 una marca imborrable en la vida educativa y art\u00edstica de la ciudad. Su compromiso con la cultura, la educaci\u00f3n y la identidad local fue reconocido por generaciones de vecinos.<\/p>\n\n\n\n<p>Desde la Subsecretar\u00eda de Cultura del Gobierno Municipal la recordaron como \u201cpionera indiscutible del teatro vocacional, docente de alma e incansable trabajadora por nuestra identidad\u201d. Su trayectoria refleja una vida dedicada a impulsar espacios de participaci\u00f3n, formaci\u00f3n y expresi\u00f3n art\u00edstica.<\/p>\n\n\n\n<p>Susana integr\u00f3 el grupo <em>Tender Puentes<\/em> desde sus inicios, acompa\u00f1\u00f3 numerosas actividades hasta que su salud se lo permiti\u00f3, y tambi\u00e9n form\u00f3 parte de la comisi\u00f3n de apoyo a la Biblioteca Municipal. Particip\u00f3 en distintas ediciones de la Feria del Libro, donde ofreci\u00f3 su conocimiento y pasi\u00f3n con una entrega admirable.<\/p>\n\n\n\n<p>El \u00e1rea de Cultura del Gobierno Municipal expres\u00f3 condolencias a sus seres queridos y a toda la comunidad cultural, que la despide con gratitud, respeto y un profundo reconocimiento por su legado.<\/p>\n","protected":false},"excerpt":{"rendered":"<p>Fue una referente cultural que dej\u00f3 una marca imborrable en la vida educativa y art\u00edstica de la ciudad. Arroyito despide&hellip;<\/p>\n","protected":false},"author":3,"featured_media":16318,"comment_status":"closed","ping_status":"open","sticky":false,"template":"","format":"standard","meta":{"footnotes":""},"categories":[2],"tags":[66,67,836,886,259,298,1102,499,548,572,1476],"class_list":["post-16317","post","type-post","status-publish","format-standard","has-post-thumbnail","hentry","category-cultura-y-espectaculos","tag-arroyito","tag-arroyito-cordoba","tag-arroyito-online","tag-biblioteca-municipal-popular-almafuerte","tag-cultura","tag-docencia","tag-gobierno-municipal","tag-literatura","tag-muerte","tag-noticias-de-arroyito-y-zona","tag-subsecretaria-de-cultura"],"_links":{"self":[{"href":"https:\/\/arroyitoonline.com.ar\/index.php?rest_route=\/wp\/v2\/posts\/16317","targetHints":{"allow":["GET"]}}],"collection":[{"href":"https:\/\/arroyitoonline.com.ar\/index.php?rest_route=\/wp\/v2\/posts"}],"about":[{"href":"https:\/\/arroyitoonline.com.ar\/index.php?rest_route=\/wp\/v2\/types\/post"}],"author":[{"embeddable":true,"href":"https:\/\/arroyitoonline.com.ar\/index.php?rest_route=\/wp\/v2\/users\/3"}],"replies":[{"embeddable":true,"href":"https:\/\/arroyitoonline.com.ar\/index.php?rest_route=%2Fwp%2Fv2%2Fcomments&post=16317"}],"version-history":[{"count":2,"href":"https:\/\/arroyitoonline.com.ar\/index.php?rest_route=\/wp\/v2\/posts\/16317\/revisions"}],"predecessor-version":[{"id":16321,"href":"https:\/\/arroyitoonline.com.ar\/index.php?rest_route=\/wp\/v2\/posts\/16317\/revisions\/16321"}],"wp:featuredmedia":[{"embeddable":true,"href":"https:\/\/arroyitoonline.com.ar\/index.php?rest_route=\/wp\/v2\/media\/16318"}],"wp:attachment":[{"href":"https:\/\/arroyitoonline.com.ar\/index.php?rest_route=%2Fwp%2Fv2%2Fmedia&parent=16317"}],"wp:term":[{"taxonomy":"category","embeddable":true,"href":"https:\/\/arroyitoonline.com.ar\/index.php?rest_route=%2Fwp%2Fv2%2Fcategories&post=16317"},{"taxonomy":"post_tag","embeddable":true,"href":"https:\/\/arroyitoonline.com.ar\/index.php?rest_route=%2Fwp%2Fv2%2Ftags&post=16317"}],"curies":[{"name":"wp","href":"https:\/\/api.w.org\/{rel}","templated":true}]}}