{"id":16331,"date":"2025-08-04T01:53:58","date_gmt":"2025-08-04T01:53:58","guid":{"rendered":"https:\/\/arroyitoonline.com.ar\/?p=16331"},"modified":"2025-08-04T01:54:23","modified_gmt":"2025-08-04T01:54:23","slug":"superclasico-de-arroyito-el-24-le-gano-2-a-1-al-cultural-y-se-ilusiona","status":"publish","type":"post","link":"https:\/\/arroyitoonline.com.ar\/?p=16331","title":{"rendered":"Supercl\u00e1sico de Arroyito: el 24 le gan\u00f3 2 a 1 al Cultural y se ilusiona"},"content":{"rendered":"\n<p><strong>Con una actuaci\u00f3n descollante de su arquero Mariano Oviedo, el Sportivo 24 de Septiembre se qued\u00f3 con el cl\u00e1sico de la ciudad.<\/strong><\/p>\n\n\n\n<p>En una nueva edici\u00f3n del supercl\u00e1sico de Arroyito, el 24 se impuso 2 a 1 al Cultural por la 8\u00aa fecha del Torneo Clausura de la zona Oeste de la Liga Regional de F\u00fatbol San Francisco. Los goles azulgranas llegaron en el primer tiempo por parte de Brunotto y Enzo Mansilla; mientras que en el complemento Juan Bosio descont\u00f3 para la Verde.<\/p>\n\n\n\n<p>Con este resultado, el equipo de Claudio Romero se pone en zona de clasificaci\u00f3n por tabla general para el Torneo Campeonato y depender\u00e1 de s\u00ed mismo en la \u00faltima fecha cuando visite a V\u00e9lez de Tr\u00e1nsito. Mientras que el Cultural, a pesar de este rev\u00e9s, se asegur\u00f3 la clasificaci\u00f3n junto con Atl\u00e9tico de Santa Rosa, por el empate entre Pueblos Unidos y Ateneo. <\/p>\n\n\n\n<p>Fuente y foto: El Show del Gol. <\/p>\n","protected":false},"excerpt":{"rendered":"<p>Con una actuaci\u00f3n descollante de su arquero Mariano Oviedo, el Sportivo 24 de Septiembre se qued\u00f3 con el cl\u00e1sico de&hellip;<\/p>\n","protected":false},"author":3,"featured_media":16332,"comment_status":"closed","ping_status":"open","sticky":false,"template":"","format":"standard","meta":{"footnotes":""},"categories":[3],"tags":[66,67,836,1477,1459,852,498,572,1478],"class_list":["post-16331","post","type-post","status-publish","format-standard","has-post-thumbnail","hentry","category-infodeporte","tag-arroyito","tag-arroyito-cordoba","tag-arroyito-online","tag-club-deportivo-y-cultural-arroyito","tag-club-sportivo-24-de-septiembre","tag-futbol-2","tag-liga-regional-de-futbol-de-san-francisco","tag-noticias-de-arroyito-y-zona","tag-superclasico"],"_links":{"self":[{"href":"https:\/\/arroyitoonline.com.ar\/index.php?rest_route=\/wp\/v2\/posts\/16331","targetHints":{"allow":["GET"]}}],"collection":[{"href":"https:\/\/arroyitoonline.com.ar\/index.php?rest_route=\/wp\/v2\/posts"}],"about":[{"href":"https:\/\/arroyitoonline.com.ar\/index.php?rest_route=\/wp\/v2\/types\/post"}],"author":[{"embeddable":true,"href":"https:\/\/arroyitoonline.com.ar\/index.php?rest_route=\/wp\/v2\/users\/3"}],"replies":[{"embeddable":true,"href":"https:\/\/arroyitoonline.com.ar\/index.php?rest_route=%2Fwp%2Fv2%2Fcomments&post=16331"}],"version-history":[{"count":1,"href":"https:\/\/arroyitoonline.com.ar\/index.php?rest_route=\/wp\/v2\/posts\/16331\/revisions"}],"predecessor-version":[{"id":16333,"href":"https:\/\/arroyitoonline.com.ar\/index.php?rest_route=\/wp\/v2\/posts\/16331\/revisions\/16333"}],"wp:featuredmedia":[{"embeddable":true,"href":"https:\/\/arroyitoonline.com.ar\/index.php?rest_route=\/wp\/v2\/media\/16332"}],"wp:attachment":[{"href":"https:\/\/arroyitoonline.com.ar\/index.php?rest_route=%2Fwp%2Fv2%2Fmedia&parent=16331"}],"wp:term":[{"taxonomy":"category","embeddable":true,"href":"https:\/\/arroyitoonline.com.ar\/index.php?rest_route=%2Fwp%2Fv2%2Fcategories&post=16331"},{"taxonomy":"post_tag","embeddable":true,"href":"https:\/\/arroyitoonline.com.ar\/index.php?rest_route=%2Fwp%2Fv2%2Ftags&post=16331"}],"curies":[{"name":"wp","href":"https:\/\/api.w.org\/{rel}","templated":true}]}}