{"id":16341,"date":"2025-08-07T18:12:40","date_gmt":"2025-08-07T18:12:40","guid":{"rendered":"https:\/\/arroyitoonline.com.ar\/?p=16341"},"modified":"2025-08-07T18:13:48","modified_gmt":"2025-08-07T18:13:48","slug":"profundo-pesar-en-arroyito-por-el-fallecimiento-de-matias-herrera","status":"publish","type":"post","link":"https:\/\/arroyitoonline.com.ar\/?p=16341","title":{"rendered":"Profundo pesar en Arroyito por el fallecimiento de Mat\u00edas Herrera"},"content":{"rendered":"\n<p><strong>Se trata del motociclista de 35 a\u00f1os que perdi\u00f3 la vida ayer, en un siniestro vial ocurrido en Pe\u00f1aloza y Alfons\u00edn. <\/strong><\/p>\n\n\n\n<p>Arroyito despide con profundo dolor a Mat\u00edas Herrera, <a href=\"https:\/\/arroyitoonline.com.ar\/fatal-accidente-en-arroyito-un-motociclista-perdio-la-vida-tras-colisionar-con-un-camion\/\">el motociclista que perdi\u00f3 la vida en el tr\u00e1gico siniestro vial ocurrido ayer en la intersecci\u00f3n de Pe\u00f1aloza y Alfons\u00edn<\/a>.<\/p>\n\n\n\n<p>Mat\u00edas fue un vecino muy querido en la comunidad, recordado por su labor como chofer del transporte p\u00fablico municipal, donde se destac\u00f3 por su amabilidad y dedicaci\u00f3n. En las redes sociales, los mensajes de cari\u00f1o y respeto se multiplican, y reflejan el aprecio que sembr\u00f3 entre quienes lo conocieron.<\/p>\n\n\n\n<p>El intendente Gustavo Benedetti y la viceintendenta Mar\u00eda Jos\u00e9 Esp\u00f3sito, junto a agentes municipales, expresaron su profunda tristeza por esta irreparable p\u00e9rdida y enviaron condolencias a sus seres queridos.<\/p>\n\n\n\n<p><em>\u00daLTIMO ADI\u00d3S<\/em><\/p>\n\n\n\n<p>Los restos de Mat\u00edas est\u00e1n siendo velados hoy jueves 7 de agosto, desde las 14:00 horas, hasta este viernes 8 de agosto a las 10:00 horas. El sepelio se realizar\u00e1 ma\u00f1ana a las 10:00 en el Cementerio local, previo oficio religioso de cuerpo presente en la Parroquia Nuestra Se\u00f1ora de la Merced.<\/p>\n\n\n\n<p>Desde Arroyito Online nos unimos al dolor de familiares y amigos. Que en paz descanse.<\/p>\n","protected":false},"excerpt":{"rendered":"<p>Se trata del motociclista de 35 a\u00f1os que perdi\u00f3 la vida ayer, en un siniestro vial ocurrido en Pe\u00f1aloza y&hellip;<\/p>\n","protected":false},"author":3,"featured_media":16344,"comment_status":"closed","ping_status":"open","sticky":false,"template":"","format":"standard","meta":{"footnotes":""},"categories":[900],"tags":[22,66,67,836,1086,572,637,638,825,737],"class_list":["post-16341","post","type-post","status-publish","format-standard","has-post-thumbnail","hentry","category-noticias","tag-accidente","tag-arroyito","tag-arroyito-cordoba","tag-arroyito-online","tag-moto","tag-noticias-de-arroyito-y-zona","tag-policiales","tag-policiales-arroyito","tag-policiales-online","tag-siniestro-vial"],"_links":{"self":[{"href":"https:\/\/arroyitoonline.com.ar\/index.php?rest_route=\/wp\/v2\/posts\/16341","targetHints":{"allow":["GET"]}}],"collection":[{"href":"https:\/\/arroyitoonline.com.ar\/index.php?rest_route=\/wp\/v2\/posts"}],"about":[{"href":"https:\/\/arroyitoonline.com.ar\/index.php?rest_route=\/wp\/v2\/types\/post"}],"author":[{"embeddable":true,"href":"https:\/\/arroyitoonline.com.ar\/index.php?rest_route=\/wp\/v2\/users\/3"}],"replies":[{"embeddable":true,"href":"https:\/\/arroyitoonline.com.ar\/index.php?rest_route=%2Fwp%2Fv2%2Fcomments&post=16341"}],"version-history":[{"count":1,"href":"https:\/\/arroyitoonline.com.ar\/index.php?rest_route=\/wp\/v2\/posts\/16341\/revisions"}],"predecessor-version":[{"id":16343,"href":"https:\/\/arroyitoonline.com.ar\/index.php?rest_route=\/wp\/v2\/posts\/16341\/revisions\/16343"}],"wp:featuredmedia":[{"embeddable":true,"href":"https:\/\/arroyitoonline.com.ar\/index.php?rest_route=\/wp\/v2\/media\/16344"}],"wp:attachment":[{"href":"https:\/\/arroyitoonline.com.ar\/index.php?rest_route=%2Fwp%2Fv2%2Fmedia&parent=16341"}],"wp:term":[{"taxonomy":"category","embeddable":true,"href":"https:\/\/arroyitoonline.com.ar\/index.php?rest_route=%2Fwp%2Fv2%2Fcategories&post=16341"},{"taxonomy":"post_tag","embeddable":true,"href":"https:\/\/arroyitoonline.com.ar\/index.php?rest_route=%2Fwp%2Fv2%2Ftags&post=16341"}],"curies":[{"name":"wp","href":"https:\/\/api.w.org\/{rel}","templated":true}]}}