{"id":16365,"date":"2025-08-14T13:43:40","date_gmt":"2025-08-14T13:43:40","guid":{"rendered":"https:\/\/arroyitoonline.com.ar\/?p=16365"},"modified":"2025-08-14T13:43:41","modified_gmt":"2025-08-14T13:43:41","slug":"dolor-en-arroyito-por-el-inesperado-fallecimiento-de-gladys-vaca-historica-dirigente-peronista-y-ex-concejala","status":"publish","type":"post","link":"https:\/\/arroyitoonline.com.ar\/?p=16365","title":{"rendered":"Dolor en Arroyito por el inesperado fallecimiento de Gladys Vaca, hist\u00f3rica dirigente peronista y ex concejala"},"content":{"rendered":"\n<h3 class=\"wp-block-heading\">Ten\u00eda 67 a\u00f1os. Su memoria perdurar\u00e1 en la historia de Arroyito como la de una mujer de principios y luchadora incansable. <\/h3>\n\n\n\n<p>La comunidad de Arroyito se visti\u00f3 de luto tras conocerse el inesperado fallecimiento de Gladys Vaca a los 67 a\u00f1os, una figura clave del peronismo local que marc\u00f3 la historia pol\u00edtica de la ciudad. La noticia, que sacudi\u00f3 a vecinos y dirigentes, fue informada por OK FM y gener\u00f3 una profunda conmoci\u00f3n.<\/p>\n\n\n\n<p>Gladys Vaca, de extensa trayectoria, fue una de las referentes m\u00e1s respetadas del Partido Justicialista en la regi\u00f3n. Su militancia se caracteriz\u00f3 por una f\u00e9rrea defensa de las causas sociales y un compromiso inquebrantable con los sectores m\u00e1s vulnerables. A lo largo de su carrera, se desempe\u00f1\u00f3 como <strong>presidenta del PJ<\/strong>, <strong>concejala<\/strong> y fue <strong>candidata a intendenta<\/strong> en varias oportunidades, siempre con la convicci\u00f3n de mejorar la vida de sus conciudadanos.<\/p>\n\n\n\n<p>Su partida deja un vac\u00edo dif\u00edcil de llenar en el escenario pol\u00edtico local. Vaca no s\u00f3lo fue una militante, sino una mujer que inspir\u00f3 a muchas otras a participar en la vida p\u00fablica. Su legado se centra en la honestidad, la vocaci\u00f3n de servicio y la coherencia ideol\u00f3gica, valores que la hicieron ganarse el respeto incluso de sus adversarios pol\u00edticos.<\/p>\n\n\n\n<p><em>\u00daltimo adi\u00f3s<\/em><\/p>\n\n\n\n<p>El velatorio se est\u00e1 realizando en salas de AMA. Mientras que el sepelio ser\u00e1 ma\u00f1ana viernes 15 de agosto, a las 10:00 horas, en el cementerio local, previo oficio religioso en la Parroquia Nuestra Se\u00f1ora de la Merced.<\/p>\n\n\n\n<p>Su memoria perdurar\u00e1 en la historia de Arroyito como la de una mujer de principios y una luchadora incansable. Desde Arroyito Online enviamos nuestras condolencias a sus seres queridos. <\/p>\n","protected":false},"excerpt":{"rendered":"<p>Ten\u00eda 67 a\u00f1os. Su memoria perdurar\u00e1 en la historia de Arroyito como la de una mujer de principios y luchadora&hellip;<\/p>\n","protected":false},"author":3,"featured_media":16366,"comment_status":"closed","ping_status":"open","sticky":false,"template":"","format":"standard","meta":{"footnotes":""},"categories":[900],"tags":[66,67,836,1304,548,572,1479,640],"class_list":["post-16365","post","type-post","status-publish","format-standard","has-post-thumbnail","hentry","category-noticias","tag-arroyito","tag-arroyito-cordoba","tag-arroyito-online","tag-gladys-vaca","tag-muerte","tag-noticias-de-arroyito-y-zona","tag-peronismo","tag-politica"],"_links":{"self":[{"href":"https:\/\/arroyitoonline.com.ar\/index.php?rest_route=\/wp\/v2\/posts\/16365","targetHints":{"allow":["GET"]}}],"collection":[{"href":"https:\/\/arroyitoonline.com.ar\/index.php?rest_route=\/wp\/v2\/posts"}],"about":[{"href":"https:\/\/arroyitoonline.com.ar\/index.php?rest_route=\/wp\/v2\/types\/post"}],"author":[{"embeddable":true,"href":"https:\/\/arroyitoonline.com.ar\/index.php?rest_route=\/wp\/v2\/users\/3"}],"replies":[{"embeddable":true,"href":"https:\/\/arroyitoonline.com.ar\/index.php?rest_route=%2Fwp%2Fv2%2Fcomments&post=16365"}],"version-history":[{"count":1,"href":"https:\/\/arroyitoonline.com.ar\/index.php?rest_route=\/wp\/v2\/posts\/16365\/revisions"}],"predecessor-version":[{"id":16367,"href":"https:\/\/arroyitoonline.com.ar\/index.php?rest_route=\/wp\/v2\/posts\/16365\/revisions\/16367"}],"wp:featuredmedia":[{"embeddable":true,"href":"https:\/\/arroyitoonline.com.ar\/index.php?rest_route=\/wp\/v2\/media\/16366"}],"wp:attachment":[{"href":"https:\/\/arroyitoonline.com.ar\/index.php?rest_route=%2Fwp%2Fv2%2Fmedia&parent=16365"}],"wp:term":[{"taxonomy":"category","embeddable":true,"href":"https:\/\/arroyitoonline.com.ar\/index.php?rest_route=%2Fwp%2Fv2%2Fcategories&post=16365"},{"taxonomy":"post_tag","embeddable":true,"href":"https:\/\/arroyitoonline.com.ar\/index.php?rest_route=%2Fwp%2Fv2%2Ftags&post=16365"}],"curies":[{"name":"wp","href":"https:\/\/api.w.org\/{rel}","templated":true}]}}