{"id":16383,"date":"2025-08-19T12:57:32","date_gmt":"2025-08-19T12:57:32","guid":{"rendered":"https:\/\/arroyitoonline.com.ar\/?p=16383"},"modified":"2025-08-19T12:57:33","modified_gmt":"2025-08-19T12:57:33","slug":"el-polideportivo-municipal-de-arroyito-llevara-el-nombre-de-daniel-zagonel","status":"publish","type":"post","link":"https:\/\/arroyitoonline.com.ar\/?p=16383","title":{"rendered":"El Polideportivo Municipal de Arroyito llevar\u00e1 el nombre de Daniel Zagonel"},"content":{"rendered":"\n<h3 class=\"wp-block-heading\">El Concejo Deliberante trat\u00f3 el proyecto de Ordenanza presentado por el Ejecutivo y lo aprob\u00f3 por unanimidad.<\/h3>\n\n\n\n<p>El Concejo Deliberante de Arroyito aprob\u00f3 por unanimidad el proyecto de ordenanza para designar con el nombre de \u201cDaniel Elvecio Zagonel\u201d al Polideportivo Municipal. La decisi\u00f3n, que hab\u00eda sido presentada por el Departamento Ejecutivo Municipal, se ratific\u00f3 en la sesi\u00f3n ordinaria del pasado jueves 14 de agosto.<\/p>\n\n\n\n<p>La iniciativa busca honrar la memoria de este destacado referente del f\u00fatbol en la ciudad. \u201cEl 10 del Barrio Landra\u201d ten\u00eda 59 a\u00f1os cuando falleci\u00f3 el 21 de junio de 2024, tras darle una larga pelea al c\u00e1ncer. Zagonel fue parte del plantel del Club Deportivo y Cultural Arroyito subcampe\u00f3n y campe\u00f3n del Torneo Absoluto de la Liga Regional San Francisco, en los a\u00f1os 1989 y 1990. Adem\u00e1s, obtuvo otros t\u00edtulos a nivel zonal. <\/p>\n\n\n\n<p>Este merecido reconocimiento a su trayectoria se basa en su compromiso, dedicaci\u00f3n y profesionalismo. Con esta aprobaci\u00f3n, el Polideportivo Municipal, ubicado sobre la Avenida Fulvio Pagani, llevar\u00e1 el nombre de uno los futbolistas m\u00e1s importantes de la historia de este deporte en la ciudad, un s\u00edmbolo de la Verde y de la elegancia para jugar a la pelota. <\/p>\n","protected":false},"excerpt":{"rendered":"<p>El Concejo Deliberante trat\u00f3 el proyecto de Ordenanza presentado por el Ejecutivo y lo aprob\u00f3 por unanimidad. El Concejo Deliberante&hellip;<\/p>\n","protected":false},"author":3,"featured_media":16384,"comment_status":"closed","ping_status":"open","sticky":false,"template":"","format":"standard","meta":{"footnotes":""},"categories":[920],"tags":[66,67,836,207,891,227,1480,276,852,1102,572],"class_list":["post-16383","post","type-post","status-publish","format-standard","has-post-thumbnail","hentry","category-concejo-deliberante-online","tag-arroyito","tag-arroyito-cordoba","tag-arroyito-online","tag-club-cultural","tag-concejales","tag-concejo-deliberante","tag-daniel-zagonel","tag-deporte","tag-futbol-2","tag-gobierno-municipal","tag-noticias-de-arroyito-y-zona"],"_links":{"self":[{"href":"https:\/\/arroyitoonline.com.ar\/index.php?rest_route=\/wp\/v2\/posts\/16383","targetHints":{"allow":["GET"]}}],"collection":[{"href":"https:\/\/arroyitoonline.com.ar\/index.php?rest_route=\/wp\/v2\/posts"}],"about":[{"href":"https:\/\/arroyitoonline.com.ar\/index.php?rest_route=\/wp\/v2\/types\/post"}],"author":[{"embeddable":true,"href":"https:\/\/arroyitoonline.com.ar\/index.php?rest_route=\/wp\/v2\/users\/3"}],"replies":[{"embeddable":true,"href":"https:\/\/arroyitoonline.com.ar\/index.php?rest_route=%2Fwp%2Fv2%2Fcomments&post=16383"}],"version-history":[{"count":1,"href":"https:\/\/arroyitoonline.com.ar\/index.php?rest_route=\/wp\/v2\/posts\/16383\/revisions"}],"predecessor-version":[{"id":16385,"href":"https:\/\/arroyitoonline.com.ar\/index.php?rest_route=\/wp\/v2\/posts\/16383\/revisions\/16385"}],"wp:featuredmedia":[{"embeddable":true,"href":"https:\/\/arroyitoonline.com.ar\/index.php?rest_route=\/wp\/v2\/media\/16384"}],"wp:attachment":[{"href":"https:\/\/arroyitoonline.com.ar\/index.php?rest_route=%2Fwp%2Fv2%2Fmedia&parent=16383"}],"wp:term":[{"taxonomy":"category","embeddable":true,"href":"https:\/\/arroyitoonline.com.ar\/index.php?rest_route=%2Fwp%2Fv2%2Fcategories&post=16383"},{"taxonomy":"post_tag","embeddable":true,"href":"https:\/\/arroyitoonline.com.ar\/index.php?rest_route=%2Fwp%2Fv2%2Ftags&post=16383"}],"curies":[{"name":"wp","href":"https:\/\/api.w.org\/{rel}","templated":true}]}}