{"id":16388,"date":"2025-08-19T18:22:34","date_gmt":"2025-08-19T18:22:34","guid":{"rendered":"https:\/\/arroyitoonline.com.ar\/?p=16388"},"modified":"2025-08-29T12:51:06","modified_gmt":"2025-08-29T12:51:06","slug":"dolor-en-arroyito-fallecio-la-docente-y-escritora-raquel-guarch-de-olmos","status":"publish","type":"post","link":"https:\/\/arroyitoonline.com.ar\/?p=16388","title":{"rendered":"Dolor en Arroyito: falleci\u00f3 la docente y escritora Raquel Guarch de Olmos"},"content":{"rendered":"\r\n<p><strong>Muri\u00f3 ayer a los 92 a\u00f1os. Su partida deja una profunda tristeza y un gran vac\u00edo en el \u00e1mbito local.<\/strong><\/p>\r\n\r\n\r\n\r\n<p>Raquel Guarch, quien falleci\u00f3 ayer a los 92 a\u00f1os, fue una figura esencial para el desarrollo cultural de la ciudad. A lo largo de su vida, se destac\u00f3 por su trabajo desinteresado como docente y por su activa participaci\u00f3n en diversas instituciones. Con un compromiso inquebrantable con la historia local, recopil\u00f3 de forma autodidacta una gran cantidad de ensayos y material hist\u00f3rico.<\/p>\r\n\r\n\r\n\r\n<p>Fue autora de un valioso compendio de escritos que realiz\u00f3 por completo de forma manuscrita con l\u00e1piz y papel, un esfuerzo que demuestra su dedicaci\u00f3n y el valor que le daba a la memoria colectiva.<\/p>\r\n\r\n\r\n\r\n<p>En 2019, desde Arroyito Online la propusimos como \u201cMujer destacada\u201d, y fue reconocida por su lucha social, dedicaci\u00f3n, liderazgo y trascendencia en el acto conmemorativo por el D\u00eda Internacional de la Mujer, organizado por la Biblioteca y la Municipalidad.<\/p>\r\n\r\n\r\n\r\n<p><em>\u00daltimo adi\u00f3s<\/em><\/p>\r\n\r\n\r\n\r\n<p>El velorio se est\u00e1 realizando en salas de AMA. El sepelio ser\u00e1 hoy, martes 19 de agosto a las 17:00 horas, en el Cementerio de Arroyito, previo oficio religioso en la Parroquia Nuestra Se\u00f1ora de la Merced.<\/p>\r\n\r\n\r\n\r\n<p>Despedimos a una mujer que, con su trabajo y dedicaci\u00f3n, dej\u00f3 un legado que perdurar\u00e1 por generaciones. Nuestras condolencias a sus hijas Marcela, Silvia y Alfonsina y a su nieto Leandro.<\/p>\r\n","protected":false},"excerpt":{"rendered":"<p>Muri\u00f3 ayer a los 92 a\u00f1os. Su partida deja una profunda tristeza y un gran vac\u00edo en el \u00e1mbito local.&hellip;<\/p>\n","protected":false},"author":3,"featured_media":16390,"comment_status":"closed","ping_status":"open","sticky":false,"template":"","format":"standard","meta":{"footnotes":""},"categories":[900],"tags":[66,67,836,298,310,348,548,572,1481],"class_list":["post-16388","post","type-post","status-publish","format-standard","has-post-thumbnail","hentry","category-noticias","tag-arroyito","tag-arroyito-cordoba","tag-arroyito-online","tag-docencia","tag-educacion","tag-escuelas","tag-muerte","tag-noticias-de-arroyito-y-zona","tag-raquel-guarch-de-olmos"],"_links":{"self":[{"href":"https:\/\/arroyitoonline.com.ar\/index.php?rest_route=\/wp\/v2\/posts\/16388","targetHints":{"allow":["GET"]}}],"collection":[{"href":"https:\/\/arroyitoonline.com.ar\/index.php?rest_route=\/wp\/v2\/posts"}],"about":[{"href":"https:\/\/arroyitoonline.com.ar\/index.php?rest_route=\/wp\/v2\/types\/post"}],"author":[{"embeddable":true,"href":"https:\/\/arroyitoonline.com.ar\/index.php?rest_route=\/wp\/v2\/users\/3"}],"replies":[{"embeddable":true,"href":"https:\/\/arroyitoonline.com.ar\/index.php?rest_route=%2Fwp%2Fv2%2Fcomments&post=16388"}],"version-history":[{"count":2,"href":"https:\/\/arroyitoonline.com.ar\/index.php?rest_route=\/wp\/v2\/posts\/16388\/revisions"}],"predecessor-version":[{"id":16401,"href":"https:\/\/arroyitoonline.com.ar\/index.php?rest_route=\/wp\/v2\/posts\/16388\/revisions\/16401"}],"wp:featuredmedia":[{"embeddable":true,"href":"https:\/\/arroyitoonline.com.ar\/index.php?rest_route=\/wp\/v2\/media\/16390"}],"wp:attachment":[{"href":"https:\/\/arroyitoonline.com.ar\/index.php?rest_route=%2Fwp%2Fv2%2Fmedia&parent=16388"}],"wp:term":[{"taxonomy":"category","embeddable":true,"href":"https:\/\/arroyitoonline.com.ar\/index.php?rest_route=%2Fwp%2Fv2%2Fcategories&post=16388"},{"taxonomy":"post_tag","embeddable":true,"href":"https:\/\/arroyitoonline.com.ar\/index.php?rest_route=%2Fwp%2Fv2%2Ftags&post=16388"}],"curies":[{"name":"wp","href":"https:\/\/api.w.org\/{rel}","templated":true}]}}