{"id":16392,"date":"2025-08-20T13:27:54","date_gmt":"2025-08-20T13:27:54","guid":{"rendered":"https:\/\/arroyitoonline.com.ar\/?p=16392"},"modified":"2025-08-20T13:27:55","modified_gmt":"2025-08-20T13:27:55","slug":"arroyito-entraron-a-robar-a-una-vivienda-de-calle-espana","status":"publish","type":"post","link":"https:\/\/arroyitoonline.com.ar\/?p=16392","title":{"rendered":"Arroyito: entraron a robar a una vivienda de calle Espa\u00f1a"},"content":{"rendered":"\n<p><strong>El hecho delictivo sucedi\u00f3 este s\u00e1bado, cuando autores ignorados aprovecharon a ausencia del propietario y forzaron una ventana del patio. <\/strong><\/p>\n\n\n\n<p>Un hecho delictivo ocurri\u00f3 en Arroyito el s\u00e1bado pasado, cuando desconocidos ingresaron a una vivienda ubicada en calle Espa\u00f1a. El robo fue descubierto por el propietario al regresar a su domicilio por la noche.<\/p>\n\n\n\n<p>Seg\u00fan el parte policial, la persona se hab\u00eda ausentado durante la tarde. Al volver, alrededor de las 22:00 horas, not\u00f3 que una ventana del patio hab\u00eda sido forzada. Los autores del hecho entraron a la propiedad y se llevaron varios elementos.<\/p>\n\n\n\n<p>Tras el aviso, personal policial y de la Brigada de Investigaciones se hicieron presentes en el lugar para comenzar con las tareas de relevamiento y recolecci\u00f3n de pruebas.<\/p>\n\n\n\n<p>Se labraron las actuaciones correspondientes con la intervenci\u00f3n de la Fiscal\u00eda de Instrucci\u00f3n de Arroyito, que investiga el caso.<\/p>\n","protected":false},"excerpt":{"rendered":"<p>El hecho delictivo sucedi\u00f3 este s\u00e1bado, cuando autores ignorados aprovecharon a ausencia del propietario y forzaron una ventana del patio.&hellip;<\/p>\n","protected":false},"author":3,"featured_media":15475,"comment_status":"closed","ping_status":"open","sticky":false,"template":"","format":"standard","meta":{"footnotes":""},"categories":[824],"tags":[66,67,836,445,572,635,638,825],"class_list":["post-16392","post","type-post","status-publish","format-standard","has-post-thumbnail","hentry","category-policiales-online","tag-arroyito","tag-arroyito-cordoba","tag-arroyito-online","tag-inseguridad","tag-noticias-de-arroyito-y-zona","tag-policia","tag-policiales-arroyito","tag-policiales-online"],"_links":{"self":[{"href":"https:\/\/arroyitoonline.com.ar\/index.php?rest_route=\/wp\/v2\/posts\/16392","targetHints":{"allow":["GET"]}}],"collection":[{"href":"https:\/\/arroyitoonline.com.ar\/index.php?rest_route=\/wp\/v2\/posts"}],"about":[{"href":"https:\/\/arroyitoonline.com.ar\/index.php?rest_route=\/wp\/v2\/types\/post"}],"author":[{"embeddable":true,"href":"https:\/\/arroyitoonline.com.ar\/index.php?rest_route=\/wp\/v2\/users\/3"}],"replies":[{"embeddable":true,"href":"https:\/\/arroyitoonline.com.ar\/index.php?rest_route=%2Fwp%2Fv2%2Fcomments&post=16392"}],"version-history":[{"count":1,"href":"https:\/\/arroyitoonline.com.ar\/index.php?rest_route=\/wp\/v2\/posts\/16392\/revisions"}],"predecessor-version":[{"id":16393,"href":"https:\/\/arroyitoonline.com.ar\/index.php?rest_route=\/wp\/v2\/posts\/16392\/revisions\/16393"}],"wp:featuredmedia":[{"embeddable":true,"href":"https:\/\/arroyitoonline.com.ar\/index.php?rest_route=\/wp\/v2\/media\/15475"}],"wp:attachment":[{"href":"https:\/\/arroyitoonline.com.ar\/index.php?rest_route=%2Fwp%2Fv2%2Fmedia&parent=16392"}],"wp:term":[{"taxonomy":"category","embeddable":true,"href":"https:\/\/arroyitoonline.com.ar\/index.php?rest_route=%2Fwp%2Fv2%2Fcategories&post=16392"},{"taxonomy":"post_tag","embeddable":true,"href":"https:\/\/arroyitoonline.com.ar\/index.php?rest_route=%2Fwp%2Fv2%2Ftags&post=16392"}],"curies":[{"name":"wp","href":"https:\/\/api.w.org\/{rel}","templated":true}]}}