{"id":16421,"date":"2025-09-08T02:08:48","date_gmt":"2025-09-08T02:08:48","guid":{"rendered":"https:\/\/arroyitoonline.com.ar\/?p=16421"},"modified":"2025-09-08T02:08:48","modified_gmt":"2025-09-08T02:08:48","slug":"adios-a-luis-gudino-un-gran-hombre-de-arroyito","status":"publish","type":"post","link":"https:\/\/arroyitoonline.com.ar\/?p=16421","title":{"rendered":"Adi\u00f3s a Luis Gudi\u00f1o, un gran hombre de Arroyito"},"content":{"rendered":"<p><strong>Ten\u00eda 79 a\u00f1os. Su legado est\u00e1 intr\u00ednsecamente ligado a la Asociaci\u00f3n Mutual Arroyito (AMA), donde fue socio fundador, consejero durante 25 a\u00f1os y presidente.<\/strong><\/p>\n<p>La ciudad de Arroyito se encuentra de luto tras el fallecimiento de Luis Gudi\u00f1o, un empresario y vecino que dej\u00f3 una gran huella en nuestra historia. Muri\u00f3 hoy a los 79 a\u00f1os.<\/p>\n<p>Adem\u00e1s de su faceta empresarial, Luis era una persona muy querida en Arroyito por su activa participaci\u00f3n en la vida social y cultural. Su generosidad y compromiso lo llevaron a colaborar con numerosas instituciones y eventos de la ciudad, donde dej\u00f3 siempre una marca positiva.<\/p>\n<p>Su legado est\u00e1 intr\u00ednsecamente ligado a la <b>Asociaci\u00f3n Mutual Arroyito (AMA)<\/b>, donde fue socio fundador, consejero durante 25 a\u00f1os y presidente entre 2000 y 2002.<\/p>\n<p>Su trabajo desinteresado y su esp\u00edritu solidario marcaron un camino de progreso para la instituci\u00f3n. La comunidad de Arroyito pierde a un gran hombre, pero su memoria y sus acciones perdurar\u00e1n.<\/p>\n<p>El velatorio se est\u00e1 realizando en salas de AMA y el sepelio ser\u00e1 este lunes 8 de septiembre, a las 16:30 horas, en el Cementerio de Arroyito; previo oficio religioso en la Parroquia Nuestra Se\u00f1ora de la Merced.<\/p>\n<p>En este dif\u00edcil momento, acompa\u00f1amos a su familia y a todos los que tuvieron el privilegio de conocerlo. Que descanse en paz.<\/p>\n","protected":false},"excerpt":{"rendered":"<p>Ten\u00eda 79 a\u00f1os. Su legado est\u00e1 intr\u00ednsecamente ligado a la Asociaci\u00f3n Mutual Arroyito (AMA), donde fue socio fundador, consejero durante&hellip;<\/p>\n","protected":false},"author":3,"featured_media":16425,"comment_status":"closed","ping_status":"open","sticky":false,"template":"","format":"standard","meta":{"footnotes":""},"categories":[900],"tags":[50,66,67,836,548],"class_list":["post-16421","post","type-post","status-publish","format-standard","has-post-thumbnail","hentry","category-noticias","tag-ama","tag-arroyito","tag-arroyito-cordoba","tag-arroyito-online","tag-muerte"],"_links":{"self":[{"href":"https:\/\/arroyitoonline.com.ar\/index.php?rest_route=\/wp\/v2\/posts\/16421","targetHints":{"allow":["GET"]}}],"collection":[{"href":"https:\/\/arroyitoonline.com.ar\/index.php?rest_route=\/wp\/v2\/posts"}],"about":[{"href":"https:\/\/arroyitoonline.com.ar\/index.php?rest_route=\/wp\/v2\/types\/post"}],"author":[{"embeddable":true,"href":"https:\/\/arroyitoonline.com.ar\/index.php?rest_route=\/wp\/v2\/users\/3"}],"replies":[{"embeddable":true,"href":"https:\/\/arroyitoonline.com.ar\/index.php?rest_route=%2Fwp%2Fv2%2Fcomments&post=16421"}],"version-history":[{"count":1,"href":"https:\/\/arroyitoonline.com.ar\/index.php?rest_route=\/wp\/v2\/posts\/16421\/revisions"}],"predecessor-version":[{"id":16426,"href":"https:\/\/arroyitoonline.com.ar\/index.php?rest_route=\/wp\/v2\/posts\/16421\/revisions\/16426"}],"wp:featuredmedia":[{"embeddable":true,"href":"https:\/\/arroyitoonline.com.ar\/index.php?rest_route=\/wp\/v2\/media\/16425"}],"wp:attachment":[{"href":"https:\/\/arroyitoonline.com.ar\/index.php?rest_route=%2Fwp%2Fv2%2Fmedia&parent=16421"}],"wp:term":[{"taxonomy":"category","embeddable":true,"href":"https:\/\/arroyitoonline.com.ar\/index.php?rest_route=%2Fwp%2Fv2%2Fcategories&post=16421"},{"taxonomy":"post_tag","embeddable":true,"href":"https:\/\/arroyitoonline.com.ar\/index.php?rest_route=%2Fwp%2Fv2%2Ftags&post=16421"}],"curies":[{"name":"wp","href":"https:\/\/api.w.org\/{rel}","templated":true}]}}