{"id":16495,"date":"2025-11-28T18:14:56","date_gmt":"2025-11-28T18:14:56","guid":{"rendered":"https:\/\/arroyitoonline.com.ar\/?p=16495"},"modified":"2025-11-28T18:36:56","modified_gmt":"2025-11-28T18:36:56","slug":"estaban-enajenados-no-los-reconoci-como-mis-alumnos-dijo-mariano-acosta-tras-el-vandalismo-en-la-velez-por-el-uud","status":"publish","type":"post","link":"https:\/\/arroyitoonline.com.ar\/?p=16495","title":{"rendered":"\u201cEstaban enajenados, no los reconoc\u00ed como mis alumnos\u201d, dijo Mariano Acosta tras el vandalismo en la V\u00e9lez por el UUD"},"content":{"rendered":"<p><strong>Una marea de estudiantes invadi\u00f3 la escuela, con escenas de caos que incluyeron el uso de bombas de cloro y un accionar desmedido de los j\u00f3venes.<\/strong><\/p>\n<p>Los festejos por el UUD (\u00faltimo \u00faltimo d\u00eda de clases) de alumnos de 6\u00ba a\u00f1os de la Escuela Dr. Dalmacio V\u00e9lez Sarsfield se salieron de control, lo que dej\u00f3 un saldo de disturbios y destrozos que trascendieron la instituci\u00f3n y se convirtieron en noticia a nivel nacional.<\/p>\n<p>Im\u00e1genes y videos que circulan en las redes sociales muestran el momento en que una marea de estudiantes invadi\u00f3 la escuela, con escenas de caos que incluyeron el uso de bombas de cloro y un accionar desmedido de los j\u00f3venes.<\/p>\n<p>El director Mariano Acosta detall\u00f3 en Radio Late 104.9 que los hechos ocurrieron alrededor de las 16:00 horas, en un momento en que las actividades escolares se desarrollaban con normalidad.<\/p>\n<p>Si bien se hab\u00eda advertido en reiteradas oportunidades a los estudiantes que no deb\u00edan asistir al establecimiento despu\u00e9s del festejo, la direcci\u00f3n contaba con la informaci\u00f3n de que lo har\u00edan de todos modos. Por ello, se dispuso un operativo de la Guardia Urbana, el cual, lamentablemente, result\u00f3 desbordado por la cantidad de alumnos.<\/p>\n<p>Todos los estudiantes, a excepci\u00f3n de uno, accedieron al parque de la escuela, que se encontraba cerrada de manera preventiva. La situaci\u00f3n escal\u00f3 cuando &#8220;unos cuatro o cinco saltaron la reja y quisieron entrar&#8221;, lo que provoc\u00f3 la rotura de tres vidrios y una puerta. El director aclar\u00f3 que los da\u00f1os materiales ya fueron reparados.<\/p>\n<p>Acosta expuso la frustraci\u00f3n de la instituci\u00f3n al momento de aplicar sanciones: &#8220;Desde el Ministerio [de Educaci\u00f3n] no se nos permite tomar medidas como la expulsi\u00f3n de los alumnos&#8221;, afirm\u00f3, y a\u00f1adi\u00f3 con pesar: &#8220;Estaban enajenados, no los reconoc\u00ed como mis alumnos&#8221;. Estas declaraciones confirman que las normativas actuales protegen la continuidad educativa, incluso en casos de inconducta grave.<\/p>\n<p>Como respuesta directa al vandalismo, la escuela tom\u00f3 medidas inmediatas. El director confirm\u00f3 que todas las actividades programadas para despedir a los alumnos de la Promoci\u00f3n 2025 fueron canceladas, lo que incluye al tradicional encuentro que se realiza cada a\u00f1o en una estancia y que ha quedado suspendido.<\/p>\n<p>Adem\u00e1s, la instituci\u00f3n inform\u00f3 que la Justicia est\u00e1 actuando de oficio por los da\u00f1os generados. Esta intervenci\u00f3n se debe a que algunos de los responsables del caos son mayores de edad. &#8220;Desde las familias, que son corresponsables con la escuela, no se supo acompa\u00f1ar; lo que sumado al consumo de alcohol problem\u00e1tico, es un combo explosivo&#8221;, agreg\u00f3. Padres se autoconvocaron alrededor de las 17:00 y algunos no tomaban dimensi\u00f3n de la gravedad de la situaci\u00f3n&#8221;, finaliz\u00f3 el director.<\/p>\n","protected":false},"excerpt":{"rendered":"<p>Una marea de estudiantes invadi\u00f3 la escuela, con escenas de caos que incluyeron el uso de bombas de cloro y&hellip;<\/p>\n","protected":false},"author":3,"featured_media":16496,"comment_status":"closed","ping_status":"open","sticky":false,"template":"","format":"standard","meta":{"footnotes":""},"categories":[830,824],"tags":[66,67,836,266,1461,875,572,916,808],"class_list":["post-16495","post","type-post","status-publish","format-standard","has-post-thumbnail","hentry","category-educacion-online","category-policiales-online","tag-arroyito","tag-arroyito-cordoba","tag-arroyito-online","tag-danos","tag-esc-dr-dalmacio-velez-sarsfield","tag-jovenes-2","tag-noticias-de-arroyito-y-zona","tag-vandalismo","tag-violencia"],"_links":{"self":[{"href":"https:\/\/arroyitoonline.com.ar\/index.php?rest_route=\/wp\/v2\/posts\/16495","targetHints":{"allow":["GET"]}}],"collection":[{"href":"https:\/\/arroyitoonline.com.ar\/index.php?rest_route=\/wp\/v2\/posts"}],"about":[{"href":"https:\/\/arroyitoonline.com.ar\/index.php?rest_route=\/wp\/v2\/types\/post"}],"author":[{"embeddable":true,"href":"https:\/\/arroyitoonline.com.ar\/index.php?rest_route=\/wp\/v2\/users\/3"}],"replies":[{"embeddable":true,"href":"https:\/\/arroyitoonline.com.ar\/index.php?rest_route=%2Fwp%2Fv2%2Fcomments&post=16495"}],"version-history":[{"count":2,"href":"https:\/\/arroyitoonline.com.ar\/index.php?rest_route=\/wp\/v2\/posts\/16495\/revisions"}],"predecessor-version":[{"id":16498,"href":"https:\/\/arroyitoonline.com.ar\/index.php?rest_route=\/wp\/v2\/posts\/16495\/revisions\/16498"}],"wp:featuredmedia":[{"embeddable":true,"href":"https:\/\/arroyitoonline.com.ar\/index.php?rest_route=\/wp\/v2\/media\/16496"}],"wp:attachment":[{"href":"https:\/\/arroyitoonline.com.ar\/index.php?rest_route=%2Fwp%2Fv2%2Fmedia&parent=16495"}],"wp:term":[{"taxonomy":"category","embeddable":true,"href":"https:\/\/arroyitoonline.com.ar\/index.php?rest_route=%2Fwp%2Fv2%2Fcategories&post=16495"},{"taxonomy":"post_tag","embeddable":true,"href":"https:\/\/arroyitoonline.com.ar\/index.php?rest_route=%2Fwp%2Fv2%2Ftags&post=16495"}],"curies":[{"name":"wp","href":"https:\/\/api.w.org\/{rel}","templated":true}]}}