{"id":16555,"date":"2025-12-30T17:53:28","date_gmt":"2025-12-30T17:53:28","guid":{"rendered":"https:\/\/arroyitoonline.com.ar\/?p=16555"},"modified":"2025-12-30T17:53:28","modified_gmt":"2025-12-30T17:53:28","slug":"arroyito-los-nombres-mas-elegidos-del-ano-fueron-emilia-lorenzo-y-tiago","status":"publish","type":"post","link":"https:\/\/arroyitoonline.com.ar\/?p=16555","title":{"rendered":"Arroyito: los nombres m\u00e1s elegidos del a\u00f1o fueron Emilia, Lorenzo y Tiago"},"content":{"rendered":"<p data-path-to-node=\"3\"><strong>Adem\u00e1s, durante este a\u00f1o se incrementaron los nacimientos y matrimonios, mientras que disminuyeron las defunciones.<\/strong><\/p>\n<p data-path-to-node=\"3\">A pocos d\u00edas de finalizar el a\u00f1o, <b data-path-to-node=\"3\" data-index-in-node=\"34\">Mariel Lobos<\/b>, responsable del Registro Civil local, brind\u00f3 un balance sobre las estad\u00edsticas que deja este 2025 en la ciudad. Seg\u00fan los datos preliminares, el a\u00f1o cierra con un saldo demogr\u00e1fico positivo: se registr\u00f3 un <b data-path-to-node=\"3\" data-index-in-node=\"254\">incremento en el n\u00famero de nacimientos y matrimonios<\/b>, mientras que la cifra de defunciones fue menor en comparaci\u00f3n con el periodo anterior.<\/p>\n<h3 data-path-to-node=\"4\"><b data-path-to-node=\"4\" data-index-in-node=\"0\">Los nombres m\u00e1s elegidos<\/b><\/h3>\n<p data-path-to-node=\"5\">Uno de los datos m\u00e1s esperados del informe anual tiene que ver con las preferencias de los padres de Arroyito al momento de anotar a sus hijos. En este sentido, Lobos destac\u00f3 que:<\/p>\n<ul data-path-to-node=\"6\">\n<li>\n<p data-path-to-node=\"6,0,0\"><b data-path-to-node=\"6,0,0\" data-index-in-node=\"0\">En nenas:<\/b> el nombre m\u00e1s elegido del 2025 fue <b data-path-to-node=\"6,0,0\" data-index-in-node=\"45\">Emilia<\/b>.<\/p>\n<\/li>\n<li>\n<p data-path-to-node=\"6,1,0\"><b data-path-to-node=\"6,1,0\" data-index-in-node=\"0\">En varones:<\/b> la disputa est\u00e1 muy re\u00f1ida entre <b data-path-to-node=\"6,1,0\" data-index-in-node=\"45\">Lorenzo<\/b> y <b data-path-to-node=\"6,1,0\" data-index-in-node=\"55\">Tiago<\/b>, con apenas un nombre de diferencia entre ambos. La definici\u00f3n final se conocer\u00e1 tras el cierre administrativo del mi\u00e9rcoles 31.<\/p>\n<\/li>\n<\/ul>\n<h3 data-path-to-node=\"7\"><b data-path-to-node=\"7\" data-index-in-node=\"0\">Recomendaciones para viajeros<\/b><\/h3>\n<p data-path-to-node=\"8\">De cara al inicio de la temporada de vacaciones, desde el Registro Civil recordaron la importancia de revisar la vigencia de los documentos de identidad para evitar inconvenientes en las fronteras.<\/p>\n<ul data-path-to-node=\"9\">\n<li>\n<p data-path-to-node=\"9,0,0\"><b data-path-to-node=\"9,0,0\" data-index-in-node=\"0\">Actualizaciones:<\/b> se deben realizar obligatoriamente entre los <b data-path-to-node=\"9,0,0\" data-index-in-node=\"62\">cinco y ocho a\u00f1os<\/b> (se recomienda no esperar al l\u00edmite) y a los <b data-path-to-node=\"9,0,0\" data-index-in-node=\"118\">14 a\u00f1os<\/b>. Sin estas actualizaciones, no se permite la salida del pa\u00eds ni el ingreso a naciones lim\u00edtrofes.<\/p>\n<\/li>\n<li>\n<p data-path-to-node=\"9,1,0\"><b data-path-to-node=\"9,1,0\" data-index-in-node=\"0\">Autorizaciones:<\/b> la oficina tambi\u00e9n se encuentra realizando los tr\u00e1mites de actas necesarios para que menores puedan viajar al exterior, ya sea solos o con uno de sus progenitores.<\/p>\n<\/li>\n<\/ul>\n<h3 data-path-to-node=\"10\"><b data-path-to-node=\"10\" data-index-in-node=\"0\">Atenci\u00f3n durante el verano<\/b><\/h3>\n<p data-path-to-node=\"11\">Por \u00faltimo, se inform\u00f3 que el Registro Civil <b data-path-to-node=\"11\" data-index-in-node=\"45\">no cerrar\u00e1 por vacaciones<\/b>. La oficina mantendr\u00e1 personal acreditado de manera permanente para tr\u00e1mites urgentes, cambios de domicilio, actualizaciones y consultas generales.<\/p>\n<p>Fuente: Canal 3.<\/p>\n<p data-path-to-node=\"11\">Imagen s\u00f3lo a modo ilustrativo.<\/p>\n","protected":false},"excerpt":{"rendered":"<p>Adem\u00e1s, durante este a\u00f1o se incrementaron los nacimientos y matrimonios, mientras que disminuyeron las defunciones. A pocos d\u00edas de finalizar&hellip;<\/p>\n","protected":false},"author":3,"featured_media":16557,"comment_status":"closed","ping_status":"open","sticky":false,"template":"","format":"standard","meta":{"footnotes":""},"categories":[829],"tags":[66,67,836,556,561,572,678,788],"class_list":["post-16555","post","type-post","status-publish","format-standard","has-post-thumbnail","hentry","category-municipales-online","tag-arroyito","tag-arroyito-cordoba","tag-arroyito-online","tag-municipalidad-de-arroyito","tag-nacimiento","tag-noticias-de-arroyito-y-zona","tag-registro-civil","tag-vacaciones"],"_links":{"self":[{"href":"https:\/\/arroyitoonline.com.ar\/index.php?rest_route=\/wp\/v2\/posts\/16555","targetHints":{"allow":["GET"]}}],"collection":[{"href":"https:\/\/arroyitoonline.com.ar\/index.php?rest_route=\/wp\/v2\/posts"}],"about":[{"href":"https:\/\/arroyitoonline.com.ar\/index.php?rest_route=\/wp\/v2\/types\/post"}],"author":[{"embeddable":true,"href":"https:\/\/arroyitoonline.com.ar\/index.php?rest_route=\/wp\/v2\/users\/3"}],"replies":[{"embeddable":true,"href":"https:\/\/arroyitoonline.com.ar\/index.php?rest_route=%2Fwp%2Fv2%2Fcomments&post=16555"}],"version-history":[{"count":1,"href":"https:\/\/arroyitoonline.com.ar\/index.php?rest_route=\/wp\/v2\/posts\/16555\/revisions"}],"predecessor-version":[{"id":16558,"href":"https:\/\/arroyitoonline.com.ar\/index.php?rest_route=\/wp\/v2\/posts\/16555\/revisions\/16558"}],"wp:featuredmedia":[{"embeddable":true,"href":"https:\/\/arroyitoonline.com.ar\/index.php?rest_route=\/wp\/v2\/media\/16557"}],"wp:attachment":[{"href":"https:\/\/arroyitoonline.com.ar\/index.php?rest_route=%2Fwp%2Fv2%2Fmedia&parent=16555"}],"wp:term":[{"taxonomy":"category","embeddable":true,"href":"https:\/\/arroyitoonline.com.ar\/index.php?rest_route=%2Fwp%2Fv2%2Fcategories&post=16555"},{"taxonomy":"post_tag","embeddable":true,"href":"https:\/\/arroyitoonline.com.ar\/index.php?rest_route=%2Fwp%2Fv2%2Ftags&post=16555"}],"curies":[{"name":"wp","href":"https:\/\/api.w.org\/{rel}","templated":true}]}}