{"id":16570,"date":"2026-01-04T14:49:58","date_gmt":"2026-01-04T14:49:58","guid":{"rendered":"https:\/\/arroyitoonline.com.ar\/?p=16570"},"modified":"2026-01-04T14:53:12","modified_gmt":"2026-01-04T14:53:12","slug":"arroyito-ya-tiene-su-primer-bebe-del-ano-nacio-maher-benjamin","status":"publish","type":"post","link":"https:\/\/arroyitoonline.com.ar\/?p=16570","title":{"rendered":"Arroyito ya tiene su primer beb\u00e9 del a\u00f1o: naci\u00f3 Maher Benjam\u00edn"},"content":{"rendered":"<p data-path-to-node=\"3\"><strong>El nacimiento ocurri\u00f3 en la Cl\u00ednica Osp\u00eda y fue asistido por la m\u00e9dica Paola S\u00e1nchez. Tanto el beb\u00e9 como su mam\u00e1 est\u00e1n en perfecto estado de salud.<\/strong><\/p>\n<p data-path-to-node=\"3\">En la ma\u00f1ana del s\u00e1bado 3 de enero, la ciudad recibi\u00f3 al primer integrante de este 2026. Se trata de <b data-path-to-node=\"3\" data-index-in-node=\"101\">Maher Benjam\u00edn<\/b>, un var\u00f3n que naci\u00f3 a las <b data-path-to-node=\"3\" data-index-in-node=\"142\">10:26 horas<\/b> en la Cl\u00ednica Osp\u00eda.<\/p>\n<p data-path-to-node=\"4\">El peque\u00f1o pes\u00f3 <b data-path-to-node=\"4\" data-index-in-node=\"16\">3,800 kg<\/b> y se encuentra en excelente estado de salud, al igual que su mam\u00e1, <b data-path-to-node=\"4\" data-index-in-node=\"92\">Shirley Linares<\/b>. El parto, que se desarroll\u00f3 con total normalidad, fue asistido por la m\u00e9dica especialista en Ginecolog\u00eda y Obstetricia, Paola S\u00e1nchez.<\/p>\n<p data-path-to-node=\"5\">Como es tradici\u00f3n en nuestra ciudad, la familia recibi\u00f3 la visita de autoridades municipales. La subsecretaria de Capital Humano, Hebe Benedetti, junto a la concejala Alejandra Diaz, se acercaron a la cl\u00ednica para conocer al reci\u00e9n nacido y hacer entrega del ajuar a Shirley y al pap\u00e1, Pablo Agust\u00edn Gonz\u00e1les.<\/p>\n<p data-path-to-node=\"6\">Desde la comunidad celebramos la llegada de Maher y acompa\u00f1amos la alegr\u00eda de sus padres en este comienzo de a\u00f1o.<\/p>\n","protected":false},"excerpt":{"rendered":"<p>El nacimiento ocurri\u00f3 en la Cl\u00ednica Osp\u00eda y fue asistido por la m\u00e9dica Paola S\u00e1nchez. Tanto el beb\u00e9 como su&hellip;<\/p>\n","protected":false},"author":3,"featured_media":16571,"comment_status":"closed","ping_status":"open","sticky":false,"template":"","format":"standard","meta":{"footnotes":""},"categories":[900],"tags":[1484,66,67,836,1102,556,572,1197],"class_list":["post-16570","post","type-post","status-publish","format-standard","has-post-thumbnail","hentry","category-noticias","tag-1484","tag-arroyito","tag-arroyito-cordoba","tag-arroyito-online","tag-gobierno-municipal","tag-municipalidad-de-arroyito","tag-noticias-de-arroyito-y-zona","tag-primer-bebe"],"_links":{"self":[{"href":"https:\/\/arroyitoonline.com.ar\/index.php?rest_route=\/wp\/v2\/posts\/16570","targetHints":{"allow":["GET"]}}],"collection":[{"href":"https:\/\/arroyitoonline.com.ar\/index.php?rest_route=\/wp\/v2\/posts"}],"about":[{"href":"https:\/\/arroyitoonline.com.ar\/index.php?rest_route=\/wp\/v2\/types\/post"}],"author":[{"embeddable":true,"href":"https:\/\/arroyitoonline.com.ar\/index.php?rest_route=\/wp\/v2\/users\/3"}],"replies":[{"embeddable":true,"href":"https:\/\/arroyitoonline.com.ar\/index.php?rest_route=%2Fwp%2Fv2%2Fcomments&post=16570"}],"version-history":[{"count":2,"href":"https:\/\/arroyitoonline.com.ar\/index.php?rest_route=\/wp\/v2\/posts\/16570\/revisions"}],"predecessor-version":[{"id":16573,"href":"https:\/\/arroyitoonline.com.ar\/index.php?rest_route=\/wp\/v2\/posts\/16570\/revisions\/16573"}],"wp:featuredmedia":[{"embeddable":true,"href":"https:\/\/arroyitoonline.com.ar\/index.php?rest_route=\/wp\/v2\/media\/16571"}],"wp:attachment":[{"href":"https:\/\/arroyitoonline.com.ar\/index.php?rest_route=%2Fwp%2Fv2%2Fmedia&parent=16570"}],"wp:term":[{"taxonomy":"category","embeddable":true,"href":"https:\/\/arroyitoonline.com.ar\/index.php?rest_route=%2Fwp%2Fv2%2Fcategories&post=16570"},{"taxonomy":"post_tag","embeddable":true,"href":"https:\/\/arroyitoonline.com.ar\/index.php?rest_route=%2Fwp%2Fv2%2Ftags&post=16570"}],"curies":[{"name":"wp","href":"https:\/\/api.w.org\/{rel}","templated":true}]}}