{"id":16600,"date":"2026-01-09T13:13:31","date_gmt":"2026-01-09T13:13:31","guid":{"rendered":"https:\/\/arroyitoonline.com.ar\/?p=16600"},"modified":"2026-01-09T13:13:31","modified_gmt":"2026-01-09T13:13:31","slug":"dolor-en-arroyito-fallecio-dario-tuninetti-un-ejemplo-de-integracion-y-afecto-en-nuestra-ciudad","status":"publish","type":"post","link":"https:\/\/arroyitoonline.com.ar\/?p=16600","title":{"rendered":"Dolor en Arroyito: falleci\u00f3 Dar\u00edo Tuninetti, un ejemplo de integraci\u00f3n y afecto en nuestra ciudad"},"content":{"rendered":"<p data-path-to-node=\"3\">La ciudad de Arroyito se encuentra de luto tras conocerse el fallecimiento de <b data-path-to-node=\"3\" data-index-in-node=\"78\">Dar\u00edo Rub\u00e9n Tuninetti<\/b>, un vecino entra\u00f1able cuya calidez y sencillez marcaron a toda la comunidad. Dar\u00edo, que parti\u00f3 a los <b data-path-to-node=\"3\" data-index-in-node=\"183\">55 a\u00f1os, <\/b>dej\u00f3 un legado de integraci\u00f3n, ternura y un recuerdo imborrable en las instituciones y personas que lo vieron crecer.<\/p>\n<h3 data-path-to-node=\"4\">El adi\u00f3s de una ciudad que lo quiso<\/h3>\n<p data-path-to-node=\"5\">Diversos referentes y organizaciones locales expresaron su pesar y destacaron la figura de Dar\u00edo como un s\u00edmbolo de la historia de integraci\u00f3n de nuestra ciudad:<\/p>\n<ul data-path-to-node=\"6\">\n<li>\n<p data-path-to-node=\"6,0,0\"><b data-path-to-node=\"6,0,0\" data-index-in-node=\"0\">ACERCAR:<\/b> recordaron con profunda tristeza a uno de sus &#8220;asistentes ilustres&#8221;, quien form\u00f3 parte de la instituci\u00f3n desde el d\u00eda de su fundaci\u00f3n. &#8220;Te vamos a extra\u00f1ar, sobre todo por tu ternura y el cari\u00f1o que nos demostrabas cada vez&#8221;.<\/p>\n<\/li>\n<li>\n<p data-path-to-node=\"6,1,0\"><b data-path-to-node=\"6,1,0\" data-index-in-node=\"0\">Intendente Gustavo Benedetti:<\/b> destac\u00f3 su labor como placero en la <b data-path-to-node=\"6,1,0\" data-index-in-node=\"81\">plaza del barrio Arcor<\/b>, tarea que cumpl\u00eda con gran responsabilidad. &#8220;Siempre ser\u00e1 recordado por su sonrisa y su abrazo sincero&#8221;.<\/p>\n<\/li>\n<li>\n<p data-path-to-node=\"6,2,0\"><b data-path-to-node=\"6,2,0\" data-index-in-node=\"0\">Padre Sergio Fern\u00e1ndez:<\/b> en un emotivo mensaje, el cura p\u00e1rroco y vecino de la infancia de Dar\u00edo lo describi\u00f3 como un hombre de &#8220;coraz\u00f3n grande y alma limpia&#8221;. Resalt\u00f3 detalles cotidianos que lo hac\u00edan \u00fanico: su orgullo por sus dibujos, su amor por la m\u00fasica, su puntualidad en cada misa y el cuidado tierno hacia su hermana Marisel.<\/p>\n<\/li>\n<li>\n<p data-path-to-node=\"6,3,0\"><b data-path-to-node=\"6,3,0\" data-index-in-node=\"0\">Escuela Dr. Dalmacio V\u00e9lez Sarsfield:<\/b> la instituci\u00f3n educativa tambi\u00e9n se sum\u00f3 a las muestras de afecto y respeto ante su partida.<\/p>\n<\/li>\n<\/ul>\n<h3 data-path-to-node=\"7\">Informaci\u00f3n sobre el \u00faltimo adi\u00f3<\/h3>\n<ul data-path-to-node=\"9\">\n<li>\n<p data-path-to-node=\"9,0,0\"><b data-path-to-node=\"9,0,0\" data-index-in-node=\"0\">Velatorio:<\/b> se realiza hasta hoy, <b data-path-to-node=\"9,0,0\" data-index-in-node=\"33\">viernes 9 de enero, a las 16:30 horas.<\/b><\/p>\n<\/li>\n<li>\n<p data-path-to-node=\"9,2,0\"><b data-path-to-node=\"9,2,0\" data-index-in-node=\"0\">Sepelio:<\/b> sus restos ser\u00e1n trasladados al Cementerio de Arroyito a las <b data-path-to-node=\"9,2,0\" data-index-in-node=\"70\">16:30 horas<\/b>, previo <b data-path-to-node=\"9,2,0\" data-index-in-node=\"70\">oficio religioso<\/b> en la <b data-path-to-node=\"9,2,0\" data-index-in-node=\"70\"><strong>Parroquia <\/strong>Nuestra Se\u00f1ora de la Merced.<\/b><\/p>\n<\/li>\n<li>\n<p data-path-to-node=\"9,3,0\"><b data-path-to-node=\"9,3,0\" data-index-in-node=\"0\">Casa de duelo:<\/b> Ismael Bianchi N\u00b0 1854.<\/p>\n<\/li>\n<\/ul>\n<p data-path-to-node=\"10\">Dar\u00edo Tuninetti fue, en palabras de quienes lo conocieron, uno de los rostros de esa integraci\u00f3n silenciosa que caracteriza a Arroyito. Hoy la ciudad lo despide con la gratitud de haber compartido su vida sencilla y ejemplar.<\/p>\n<p data-path-to-node=\"10\">Desde Arroyito Online enviamos nuestras condolencias a sus seres queridos. QEPD, Dar\u00edo.<\/p>\n","protected":false},"excerpt":{"rendered":"<p>La ciudad de Arroyito se encuentra de luto tras conocerse el fallecimiento de Dar\u00edo Rub\u00e9n Tuninetti, un vecino entra\u00f1able cuya&hellip;<\/p>\n","protected":false},"author":3,"featured_media":16601,"comment_status":"closed","ping_status":"open","sticky":false,"template":"","format":"standard","meta":{"footnotes":""},"categories":[900],"tags":[66,67,836,968,548,572],"class_list":["post-16600","post","type-post","status-publish","format-standard","has-post-thumbnail","hentry","category-noticias","tag-arroyito","tag-arroyito-cordoba","tag-arroyito-online","tag-gustavo-benedetti","tag-muerte","tag-noticias-de-arroyito-y-zona"],"_links":{"self":[{"href":"https:\/\/arroyitoonline.com.ar\/index.php?rest_route=\/wp\/v2\/posts\/16600","targetHints":{"allow":["GET"]}}],"collection":[{"href":"https:\/\/arroyitoonline.com.ar\/index.php?rest_route=\/wp\/v2\/posts"}],"about":[{"href":"https:\/\/arroyitoonline.com.ar\/index.php?rest_route=\/wp\/v2\/types\/post"}],"author":[{"embeddable":true,"href":"https:\/\/arroyitoonline.com.ar\/index.php?rest_route=\/wp\/v2\/users\/3"}],"replies":[{"embeddable":true,"href":"https:\/\/arroyitoonline.com.ar\/index.php?rest_route=%2Fwp%2Fv2%2Fcomments&post=16600"}],"version-history":[{"count":1,"href":"https:\/\/arroyitoonline.com.ar\/index.php?rest_route=\/wp\/v2\/posts\/16600\/revisions"}],"predecessor-version":[{"id":16602,"href":"https:\/\/arroyitoonline.com.ar\/index.php?rest_route=\/wp\/v2\/posts\/16600\/revisions\/16602"}],"wp:featuredmedia":[{"embeddable":true,"href":"https:\/\/arroyitoonline.com.ar\/index.php?rest_route=\/wp\/v2\/media\/16601"}],"wp:attachment":[{"href":"https:\/\/arroyitoonline.com.ar\/index.php?rest_route=%2Fwp%2Fv2%2Fmedia&parent=16600"}],"wp:term":[{"taxonomy":"category","embeddable":true,"href":"https:\/\/arroyitoonline.com.ar\/index.php?rest_route=%2Fwp%2Fv2%2Fcategories&post=16600"},{"taxonomy":"post_tag","embeddable":true,"href":"https:\/\/arroyitoonline.com.ar\/index.php?rest_route=%2Fwp%2Fv2%2Ftags&post=16600"}],"curies":[{"name":"wp","href":"https:\/\/api.w.org\/{rel}","templated":true}]}}