{"id":16608,"date":"2026-01-29T12:42:05","date_gmt":"2026-01-29T12:42:05","guid":{"rendered":"https:\/\/arroyitoonline.com.ar\/?p=16608"},"modified":"2026-01-29T12:42:10","modified_gmt":"2026-01-29T12:42:10","slug":"tragedia-en-arcor-trabajador-sufrio-una-caida-de-altura-y-perdio-la-vida","status":"publish","type":"post","link":"https:\/\/arroyitoonline.com.ar\/?p=16608","title":{"rendered":"Tragedia en Arcor: trabajador sufri\u00f3 una ca\u00edda de altura y perdi\u00f3 la vida"},"content":{"rendered":"<p><strong>El STIA Arroyito confirm\u00f3 la identidad de la v\u00edctima. Se trata de Fabio Bertello, de 56 a\u00f1os, que se desempe\u00f1aba como analista de calidad en la Glucosa 3.<\/strong><\/p>\n<p>La jornada de este mi\u00e9rcoles 28 de enero cerr\u00f3 con una noticia que enluta a toda la ciudad. Un accidente laboral en el Complejo 3 (Glucosa) de la firma Arcor result\u00f3 en el fallecimiento de un operario, hecho que provoc\u00f3 una profunda consternaci\u00f3n entre sus compa\u00f1eros y en la comunidad de Arroyito.<\/p>\n<p>El Sindicato de Trabajadores de Industrias de la Alimentaci\u00f3n (STIA Arroyito) emiti\u00f3 un comunicado oficial donde identific\u00f3 a la v\u00edctima como Fabio Bertello (56). La Comisi\u00f3n Directiva del gremio manifest\u00f3 su pesar y brind\u00f3 su total acompa\u00f1amiento a la familia y a los trabajadores del sector ante esta p\u00e9rdida irreparable.<\/p>\n<p>Aunque todav\u00eda no se ha emitido un parte policial, de acuerdo con la informaci\u00f3n obtenida por Arroyito Online, Bertello se desempe\u00f1aba como analista de calidad en la planta de Glucosa 3. Por causas que se investigan, el trabajador habr\u00eda sufrido una ca\u00edda de altura.<\/p>\n<p>Sus compa\u00f1eros, al escuchar el impacto, acudieron de inmediato para brindarle asistencia. Fabio fue trasladado de urgencia hacia una cl\u00ednica local, donde minutos m\u00e1s tarde se constat\u00f3 su deceso.<\/p>\n<p>A ra\u00edz del siniestro, la actividad en el sector de Glucosa permanece paralizada. En el lugar trabaja personal policial.<\/p>\n<p>Desde nuestro medio enviamos nuestras m\u00e1s sinceras condolencias a los familiares, amigos y a toda la familia de la alimentaci\u00f3n en este dif\u00edcil momento.<\/p>\n","protected":false},"excerpt":{"rendered":"<p>El STIA Arroyito confirm\u00f3 la identidad de la v\u00edctima. Se trata de Fabio Bertello, de 56 a\u00f1os, que se desempe\u00f1aba&hellip;<\/p>\n","protected":false},"author":3,"featured_media":16609,"comment_status":"closed","ping_status":"open","sticky":false,"template":"","format":"standard","meta":{"footnotes":""},"categories":[824],"tags":[22,59,66,67,836,548,572,635,637,638,825],"class_list":["post-16608","post","type-post","status-publish","format-standard","has-post-thumbnail","hentry","category-policiales-online","tag-accidente","tag-arcor","tag-arroyito","tag-arroyito-cordoba","tag-arroyito-online","tag-muerte","tag-noticias-de-arroyito-y-zona","tag-policia","tag-policiales","tag-policiales-arroyito","tag-policiales-online"],"_links":{"self":[{"href":"https:\/\/arroyitoonline.com.ar\/index.php?rest_route=\/wp\/v2\/posts\/16608","targetHints":{"allow":["GET"]}}],"collection":[{"href":"https:\/\/arroyitoonline.com.ar\/index.php?rest_route=\/wp\/v2\/posts"}],"about":[{"href":"https:\/\/arroyitoonline.com.ar\/index.php?rest_route=\/wp\/v2\/types\/post"}],"author":[{"embeddable":true,"href":"https:\/\/arroyitoonline.com.ar\/index.php?rest_route=\/wp\/v2\/users\/3"}],"replies":[{"embeddable":true,"href":"https:\/\/arroyitoonline.com.ar\/index.php?rest_route=%2Fwp%2Fv2%2Fcomments&post=16608"}],"version-history":[{"count":1,"href":"https:\/\/arroyitoonline.com.ar\/index.php?rest_route=\/wp\/v2\/posts\/16608\/revisions"}],"predecessor-version":[{"id":16610,"href":"https:\/\/arroyitoonline.com.ar\/index.php?rest_route=\/wp\/v2\/posts\/16608\/revisions\/16610"}],"wp:featuredmedia":[{"embeddable":true,"href":"https:\/\/arroyitoonline.com.ar\/index.php?rest_route=\/wp\/v2\/media\/16609"}],"wp:attachment":[{"href":"https:\/\/arroyitoonline.com.ar\/index.php?rest_route=%2Fwp%2Fv2%2Fmedia&parent=16608"}],"wp:term":[{"taxonomy":"category","embeddable":true,"href":"https:\/\/arroyitoonline.com.ar\/index.php?rest_route=%2Fwp%2Fv2%2Fcategories&post=16608"},{"taxonomy":"post_tag","embeddable":true,"href":"https:\/\/arroyitoonline.com.ar\/index.php?rest_route=%2Fwp%2Fv2%2Ftags&post=16608"}],"curies":[{"name":"wp","href":"https:\/\/api.w.org\/{rel}","templated":true}]}}